{"id":285668,"date":"2025-11-18T09:30:00","date_gmt":"2025-11-18T08:30:00","guid":{"rendered":"https:\/\/www.tucomarca.com\/wordpress\/segunda\/?p=285668"},"modified":"2025-11-18T12:09:48","modified_gmt":"2025-11-18T11:09:48","slug":"el-circuit-ricardo-tormo-abre-la-temporada-2026-de-motogp-con-los-primeros-entrenamientos","status":"publish","type":"post","link":"https:\/\/www.tucomarca.com\/wordpress\/segunda\/el-circuit-ricardo-tormo-abre-la-temporada-2026-de-motogp-con-los-primeros-entrenamientos\/","title":{"rendered":"El Circuit Ricardo Tormo abre la temporada 2026 de MotoGP con los primeros entrenamientos"},"content":{"rendered":"\n<h3 class=\"wp-block-heading\">Los aficionados podr\u00e1n acceder comprando una entrada de s\u00f3lo 5 euros en la web oficial del Circuit.<\/h3>\n\n\n\n<h3 class=\"wp-block-heading\">El brasile\u00f1o Diogo Moreira (Honda) y el turco Toprak Razgatlioglu (Yamaha) principales novedades.<\/h3>\n\n\n\n<p>El Circuit Ricardo Tormo celebra este martes 18 de noviembre el primer entrenamiento de MotoGP con la configuraci\u00f3n de pilotos de la temporada 2026 con el brasile\u00f1o Diogo Moreira (Honda) y el turco Toprak Razgatlioglu (Yamaha) como principales novedades.<\/p>\n\n\n\n<p>Apenas dos d\u00edas despu\u00e9s de la celebraci\u00f3n del Gran Premio Motul de la Comunitat Valenciana, el Circuit vuelve a centrar la atenci\u00f3n del motociclismo con el estreno de la temporada 2026.<\/p>\n\n\n\n<p>Una jornada completa de ensayos en la que los pilotos tendr\u00e1n una oportunidad \u00fanica de probar las monturas con las que competir\u00e1n desde el 1 de marzo en el estreno de MotoGP en Tailandia.<\/p>\n\n\n\n<p>El test ser\u00e1 el martes 18 de noviembre con un horario en pista desde las diez en punto de la ma\u00f1ana hasta las 17:00 horas. La estrella del Mundial de Superbike, Toprak Razgatioglu debutar\u00e1 en MotoGP con la Yamaha del Pramac Racing; por otro, el brasile\u00f1o Diogo Moreira que se proclam\u00f3 Campe\u00f3n del Mundo de Moto2 el domingo, se subir\u00e1 a la Honda del LCR Team.<\/p>\n\n\n\n<p>El p\u00fablico podr\u00e1 ver la acci\u00f3n en pista de esta jornada desde la tribuna boxes. La entrada tendr\u00e1 un precio de cinco euros y est\u00e1n a la venta a trav\u00e9s de la p\u00e1gina web del Circuit:&nbsp;<a href=\"https:\/\/entradas.circuitvalencia.com\/circuitvalencia\/events\" target=\"_blank\" rel=\"noreferrer noopener\">https:\/\/entradas.circuitvalencia.com\/circuitvalencia\/events<\/a><\/p>\n","protected":false},"excerpt":{"rendered":"<div class=\"mh-excerpt\">Los aficionados podr\u00e1n acceder comprando una entrada de s\u00f3lo 5 euros en la web oficial del Circuit. El brasile\u00f1o Diogo Moreira (Honda) y el turco Toprak Razgatlioglu (Yamaha) principales novedades. El Circuit Ricardo Tormo celebra <a class=\"mh-excerpt-more\" href=\"https:\/\/www.tucomarca.com\/wordpress\/segunda\/el-circuit-ricardo-tormo-abre-la-temporada-2026-de-motogp-con-los-primeros-entrenamientos\/\" title=\"El Circuit Ricardo Tormo abre la temporada 2026 de MotoGP con los primeros entrenamientos\">[+] <\/a><\/div>\n","protected":false},"author":12,"featured_media":285671,"comment_status":"open","ping_status":"open","sticky":false,"template":"","format":"standard","meta":{"footnotes":""},"categories":[17,6,8,72,10,91,3,45],"tags":[339,10474,5952],"class_list":{"0":"post-285668","1":"post","2":"type-post","3":"status-publish","4":"format-standard","5":"has-post-thumbnail","7":"category-cheste","8":"category-deportes","9":"category-la-comarca","10":"category-sin-categorizar","11":"category-la-hoya","12":"category-motociclismo","13":"category-seccion","14":"category-ventana","15":"tag-cheste-2","16":"tag-circuit-ricardo-tormo","17":"tag-la-hoya-de-bunol-chiva"},"_links":{"self":[{"href":"https:\/\/www.tucomarca.com\/wordpress\/segunda\/wp-json\/wp\/v2\/posts\/285668","targetHints":{"allow":["GET"]}}],"collection":[{"href":"https:\/\/www.tucomarca.com\/wordpress\/segunda\/wp-json\/wp\/v2\/posts"}],"about":[{"href":"https:\/\/www.tucomarca.com\/wordpress\/segunda\/wp-json\/wp\/v2\/types\/post"}],"author":[{"embeddable":true,"href":"https:\/\/www.tucomarca.com\/wordpress\/segunda\/wp-json\/wp\/v2\/users\/12"}],"replies":[{"embeddable":true,"href":"https:\/\/www.tucomarca.com\/wordpress\/segunda\/wp-json\/wp\/v2\/comments?post=285668"}],"version-history":[{"count":0,"href":"https:\/\/www.tucomarca.com\/wordpress\/segunda\/wp-json\/wp\/v2\/posts\/285668\/revisions"}],"wp:featuredmedia":[{"embeddable":true,"href":"https:\/\/www.tucomarca.com\/wordpress\/segunda\/wp-json\/wp\/v2\/media\/285671"}],"wp:attachment":[{"href":"https:\/\/www.tucomarca.com\/wordpress\/segunda\/wp-json\/wp\/v2\/media?parent=285668"}],"wp:term":[{"taxonomy":"category","embeddable":true,"href":"https:\/\/www.tucomarca.com\/wordpress\/segunda\/wp-json\/wp\/v2\/categories?post=285668"},{"taxonomy":"post_tag","embeddable":true,"href":"https:\/\/www.tucomarca.com\/wordpress\/segunda\/wp-json\/wp\/v2\/tags?post=285668"}],"curies":[{"name":"wp","href":"https:\/\/api.w.org\/{rel}","templated":true}]}}