{"id":285772,"date":"2025-11-18T08:30:00","date_gmt":"2025-11-18T07:30:00","guid":{"rendered":"https:\/\/www.tucomarca.com\/wordpress\/segunda\/?p=285772"},"modified":"2025-11-18T20:41:09","modified_gmt":"2025-11-18T19:41:09","slug":"la-diputacio-de-valencia-promociona-la-oferta-provincial-para-el-turismo-de-negocios-en-la-ibtm-de-barcelona-2","status":"publish","type":"post","link":"https:\/\/www.tucomarca.com\/wordpress\/segunda\/la-diputacio-de-valencia-promociona-la-oferta-provincial-para-el-turismo-de-negocios-en-la-ibtm-de-barcelona-2\/","title":{"rendered":"La Diputaci\u00f3 de Val\u00e8ncia promociona la oferta provincial para el turismo de negocios en la IBTM de Barcelona"},"content":{"rendered":"\n<h3 class=\"wp-block-heading\">A trav\u00e9s de la marca Val\u00e8ncia Turisme, la corporaci\u00f3n visibiliza las posibilidades y los espacios singulares que ofrecen distintos municipios de la provincia para acoger eventos relacionados con el turismo MICE.<\/h3>\n\n\n\n<p>La Diputaci\u00f3 de Val\u00e8ncia, a trav\u00e9s de su marca Val\u00e8ncia Turisme, participa hasta el 20 de noviembre en la Global Meetings &amp; Incentives Exhibition IBTM de Barcelona, la cita internacional de referencia para profesionales del turismo de negocios, congresos, reuniones y viajes de incentivos (MICE), en la que la corporaci\u00f3n promociona las posibilidades que ofrece la provincia para acoger la celebraci\u00f3n de este tipo de eventos.<\/p>\n\n\n\n<p>La marca provincial forma parte del espacio expositivo de Turisme Comunitat Valenciana, reforzando as\u00ed la estrategia conjunta de posicionamiento del territorio valenciano en los principales mercados profesionales.<\/p>\n\n\n\n<p>\u201cEl turismo MICE supone una oportunidad para potenciar los destinos de interior de nuestra provincia y desestacionalizar, a la vez, el turismo en los destinos de costa, pues la provincia cuenta con excelentes espacios y localizaciones singulares por emplazamiento, historia y arquitectura, entre otros atractivos, para albergar este tipo de cert\u00e1menes\u201d, ha explicado el diputado Turismo y Deportes, Pedro Cuesta.<\/p>\n\n\n\n<p>La corporaci\u00f3n provincial, que es miembro de Spain Convention Bureau, trabaja, a trav\u00e9s del \u00e1rea de Turismo que dirige el diputado Pedro Cuesta, en la creaci\u00f3n de una red de destinos MICE en la provincia de Valencia que genere actividad econ\u00f3mica y social en \u00e9sta, no solo por los eventos que atraiga, sino tambi\u00e9n por las sinergias que generen las colaboraciones entre administraciones y empresas para su desarrollo, as\u00ed como los viajes de incentivos.<\/p>\n\n\n\n<p>La IBTM de Barcelona, a diferencia de otros cert\u00e1menes generalistas, se desarrolla mediante reuniones profesionales previamente concertadas entre destinos y empresas durante las tres jornadas. En este sentido, el equipo t\u00e9cnico de la Diputaci\u00f3 de Val\u00e8ncia mantendr\u00e1 encuentros con agencias especializadas, organizadores de eventos y operadores del sector MICE interesados en descubrir la amplia oferta de la provincia de Valencia en este \u00e1mbito, as\u00ed como la oferta tur\u00edstica complementaria que enriquece sus propuestas, relacionadas con experiencias gastron\u00f3micas, culturales y de turismo activo., que combinan autenticidad, innovaci\u00f3n y sostenibilidad.&nbsp;<\/p>\n\n\n\n<p>\u201cCon esta participaci\u00f3n, la Diputaci\u00f3n reafirma su compromiso con el impulso de un modelo tur\u00edstico competitivo y equilibrado, capaz de generar oportunidades en todo el territorio y proyectar la imagen de la provincia de Valencia como un destino MICE moderno, vers\u00e1til y de calidad\u201d, ha destacado Pedro Cuesta.<\/p>\n","protected":false},"excerpt":{"rendered":"<div class=\"mh-excerpt\">A trav\u00e9s de la marca Val\u00e8ncia Turisme, la corporaci\u00f3n visibiliza las posibilidades y los espacios singulares que ofrecen distintos municipios de la provincia para acoger eventos relacionados con el turismo MICE. La Diputaci\u00f3 de Val\u00e8ncia, <a class=\"mh-excerpt-more\" href=\"https:\/\/www.tucomarca.com\/wordpress\/segunda\/la-diputacio-de-valencia-promociona-la-oferta-provincial-para-el-turismo-de-negocios-en-la-ibtm-de-barcelona-2\/\" title=\"La Diputaci\u00f3 de Val\u00e8ncia promociona la oferta provincial para el turismo de negocios en la IBTM de Barcelona\">[+] <\/a><\/div>\n","protected":false},"author":12,"featured_media":285774,"comment_status":"open","ping_status":"open","sticky":false,"template":"","format":"standard","meta":{"footnotes":""},"categories":[8,72,7,142,3,45],"tags":[3677,9841],"class_list":{"0":"post-285772","1":"post","2":"type-post","3":"status-publish","4":"format-standard","5":"has-post-thumbnail","7":"category-la-comarca","8":"category-sin-categorizar","9":"category-ocio-y-cultura","10":"category-politica-la-comarca","11":"category-seccion","12":"category-ventana","13":"tag-diputacio-de-valencia","14":"tag-valencia-turisme"},"_links":{"self":[{"href":"https:\/\/www.tucomarca.com\/wordpress\/segunda\/wp-json\/wp\/v2\/posts\/285772","targetHints":{"allow":["GET"]}}],"collection":[{"href":"https:\/\/www.tucomarca.com\/wordpress\/segunda\/wp-json\/wp\/v2\/posts"}],"about":[{"href":"https:\/\/www.tucomarca.com\/wordpress\/segunda\/wp-json\/wp\/v2\/types\/post"}],"author":[{"embeddable":true,"href":"https:\/\/www.tucomarca.com\/wordpress\/segunda\/wp-json\/wp\/v2\/users\/12"}],"replies":[{"embeddable":true,"href":"https:\/\/www.tucomarca.com\/wordpress\/segunda\/wp-json\/wp\/v2\/comments?post=285772"}],"version-history":[{"count":0,"href":"https:\/\/www.tucomarca.com\/wordpress\/segunda\/wp-json\/wp\/v2\/posts\/285772\/revisions"}],"wp:featuredmedia":[{"embeddable":true,"href":"https:\/\/www.tucomarca.com\/wordpress\/segunda\/wp-json\/wp\/v2\/media\/285774"}],"wp:attachment":[{"href":"https:\/\/www.tucomarca.com\/wordpress\/segunda\/wp-json\/wp\/v2\/media?parent=285772"}],"wp:term":[{"taxonomy":"category","embeddable":true,"href":"https:\/\/www.tucomarca.com\/wordpress\/segunda\/wp-json\/wp\/v2\/categories?post=285772"},{"taxonomy":"post_tag","embeddable":true,"href":"https:\/\/www.tucomarca.com\/wordpress\/segunda\/wp-json\/wp\/v2\/tags?post=285772"}],"curies":[{"name":"wp","href":"https:\/\/api.w.org\/{rel}","templated":true}]}}