{"id":286000,"date":"2025-11-21T11:40:00","date_gmt":"2025-11-21T10:40:00","guid":{"rendered":"https:\/\/www.tucomarca.com\/wordpress\/segunda\/?p=286000"},"modified":"2025-11-21T19:12:00","modified_gmt":"2025-11-21T18:12:00","slug":"la-armonica-y-la-artistica-de-bunol-celebran-este-sabado-santa-cecilia-con-dos-conciertos-especiales","status":"publish","type":"post","link":"https:\/\/www.tucomarca.com\/wordpress\/segunda\/la-armonica-y-la-artistica-de-bunol-celebran-este-sabado-santa-cecilia-con-dos-conciertos-especiales\/","title":{"rendered":"\u00abLa Arm\u00f3nica\u00bb y \u00abLa Art\u00edstica\u00bb de Bu\u00f1ol celebran este s\u00e1bado Santa Cecilia con dos conciertos especiales"},"content":{"rendered":"\n<p>Bu\u00f1ol se prepara para vivir una jornada musical muy especial con motivo de la festividad de Santa Cecilia, patrona de los m\u00fasicos. Este s\u00e1bado, 22 de noviembre, las dos sociedades musicales del municipio, el C.I.M. La Arm\u00f3nica y la S.M. La Art\u00edstica, ofrecer\u00e1n sendos conciertos que llenar\u00e1n la localidad de m\u00fasica y tradici\u00f3n.<\/p>\n\n\n\n<p>La programaci\u00f3n arrancar\u00e1 a las <strong>10,00h<\/strong> con el concierto de la <strong>Coral Polif\u00f3nica del C.I.M. La Arm\u00f3nica<\/strong>, que tendr\u00e1 lugar en la <strong>Iglesia de San Pedro Ap\u00f3stol<\/strong>. La formaci\u00f3n vocal ofrecer\u00e1 un repertorio preparado para la ocasi\u00f3n, sum\u00e1ndose as\u00ed al homenaje anual a la patrona.<\/p>\n\n\n\n<p>Por la tarde, a las <strong>19,00h<\/strong>, ser\u00e1 el turno de la <strong>Banda Sinf\u00f3nica de la S.M. La Art\u00edstica<\/strong>, que actuar\u00e1 en el <strong>Teatro Montecarlo<\/strong>. La agrupaci\u00f3n sinf\u00f3nica presentar\u00e1 un concierto con el que la sociedad celebrar\u00e1 esta festividad tan arraigada en la vida cultural de Bu\u00f1ol.<\/p>\n\n\n\n<p>Con estos dos actos, las sociedades musicales del municipio reafirman su papel como motores culturales y convierten, un a\u00f1o m\u00e1s, Santa Cecilia en una cita imprescindible para los amantes de la m\u00fasica.<\/p>\n","protected":false},"excerpt":{"rendered":"<div class=\"mh-excerpt\">Bu\u00f1ol se prepara para vivir una jornada musical muy especial con motivo de la festividad de Santa Cecilia, patrona de los m\u00fasicos. Este s\u00e1bado, 22 de noviembre, las dos sociedades musicales del municipio, el C.I.M. <a class=\"mh-excerpt-more\" href=\"https:\/\/www.tucomarca.com\/wordpress\/segunda\/la-armonica-y-la-artistica-de-bunol-celebran-este-sabado-santa-cecilia-con-dos-conciertos-especiales\/\" title=\"\u00abLa Arm\u00f3nica\u00bb y \u00abLa Art\u00edstica\u00bb de Bu\u00f1ol celebran este s\u00e1bado Santa Cecilia con dos conciertos especiales\">[+] <\/a><\/div>\n","protected":false},"author":12,"featured_media":206124,"comment_status":"open","ping_status":"open","sticky":false,"template":"","format":"standard","meta":{"footnotes":""},"categories":[4,18,66,8,10,7,3],"tags":[10385,10563,5952,10559],"class_list":{"0":"post-286000","1":"post","2":"type-post","3":"status-publish","4":"format-standard","5":"has-post-thumbnail","7":"category-agenda","8":"category-bunol","9":"category-musica","10":"category-la-comarca","11":"category-la-hoya","12":"category-ocio-y-cultura","13":"category-seccion","14":"tag-bunol","15":"tag-cim-la-armonica-de-bunol","16":"tag-la-hoya-de-bunol-chiva","17":"tag-sm-la-artistica-de-bunol"},"_links":{"self":[{"href":"https:\/\/www.tucomarca.com\/wordpress\/segunda\/wp-json\/wp\/v2\/posts\/286000","targetHints":{"allow":["GET"]}}],"collection":[{"href":"https:\/\/www.tucomarca.com\/wordpress\/segunda\/wp-json\/wp\/v2\/posts"}],"about":[{"href":"https:\/\/www.tucomarca.com\/wordpress\/segunda\/wp-json\/wp\/v2\/types\/post"}],"author":[{"embeddable":true,"href":"https:\/\/www.tucomarca.com\/wordpress\/segunda\/wp-json\/wp\/v2\/users\/12"}],"replies":[{"embeddable":true,"href":"https:\/\/www.tucomarca.com\/wordpress\/segunda\/wp-json\/wp\/v2\/comments?post=286000"}],"version-history":[{"count":0,"href":"https:\/\/www.tucomarca.com\/wordpress\/segunda\/wp-json\/wp\/v2\/posts\/286000\/revisions"}],"wp:featuredmedia":[{"embeddable":true,"href":"https:\/\/www.tucomarca.com\/wordpress\/segunda\/wp-json\/wp\/v2\/media\/206124"}],"wp:attachment":[{"href":"https:\/\/www.tucomarca.com\/wordpress\/segunda\/wp-json\/wp\/v2\/media?parent=286000"}],"wp:term":[{"taxonomy":"category","embeddable":true,"href":"https:\/\/www.tucomarca.com\/wordpress\/segunda\/wp-json\/wp\/v2\/categories?post=286000"},{"taxonomy":"post_tag","embeddable":true,"href":"https:\/\/www.tucomarca.com\/wordpress\/segunda\/wp-json\/wp\/v2\/tags?post=286000"}],"curies":[{"name":"wp","href":"https:\/\/api.w.org\/{rel}","templated":true}]}}