{"id":286006,"date":"2025-11-21T11:30:00","date_gmt":"2025-11-21T10:30:00","guid":{"rendered":"https:\/\/www.tucomarca.com\/wordpress\/segunda\/?p=286006"},"modified":"2025-11-21T18:54:24","modified_gmt":"2025-11-21T17:54:24","slug":"cortes-de-pallas-acoge-la-presentacion-del-documental-y-trailer-oficial-de-bunan-la-nueva-pelicula-del-cineasta-chivano-abraham-lacalle","status":"publish","type":"post","link":"https:\/\/www.tucomarca.com\/wordpress\/segunda\/cortes-de-pallas-acoge-la-presentacion-del-documental-y-trailer-oficial-de-bunan-la-nueva-pelicula-del-cineasta-chivano-abraham-lacalle\/","title":{"rendered":"Cortes de Pall\u00e1s acoge la presentaci\u00f3n del documental y trailer oficial de &#8216;B\u00fbnan&#8217;, la nueva pel\u00edcula del cineasta chivano Abraham Lacalle"},"content":{"rendered":"<div class=\"wp-block-image\">\n<figure class=\"alignleft size-large is-resized\"><img loading=\"lazy\" decoding=\"async\" width=\"819\" height=\"1024\" src=\"https:\/\/www.tucomarca.com\/wordpress\/segunda\/wp-content\/uploads\/2025\/11\/BUNAN-819x1024.jpg\" alt=\"\" class=\"wp-image-286011\" style=\"width:481px;height:auto\" srcset=\"https:\/\/www.tucomarca.com\/wordpress\/segunda\/wp-content\/uploads\/2025\/11\/BUNAN-819x1024.jpg 819w, https:\/\/www.tucomarca.com\/wordpress\/segunda\/wp-content\/uploads\/2025\/11\/BUNAN-240x300.jpg 240w, https:\/\/www.tucomarca.com\/wordpress\/segunda\/wp-content\/uploads\/2025\/11\/BUNAN-768x960.jpg 768w, https:\/\/www.tucomarca.com\/wordpress\/segunda\/wp-content\/uploads\/2025\/11\/BUNAN.jpg 1080w\" sizes=\"auto, (max-width: 819px) 100vw, 819px\" \/><\/figure>\n<\/div>\n\n\n<p>El Centro Cultural de <strong>Cortes de Pall\u00e1s<\/strong> es el escenario donde se presenta este s\u00e1bado el <strong>trailer<\/strong> oficial de <strong>B\u00fbnan<\/strong>, el nuevo proyecto cinematogr\u00e1fico escrito, dirigido y producido por el cineasta chivano <strong>Abraham Lacalle<\/strong>. El evento incluir\u00e1 adem\u00e1s la proyecci\u00f3n de un <strong>documental sobre el proceso de creaci\u00f3n de la pel\u00edcula<\/strong>, donde se podr\u00e1n conocer diversas <strong>curiosidades<\/strong>, como que el compositor de la banda sonora ha sido nominado para un premio Grammy.<\/p>\n\n\n\n<p>\u00abEn el acto se explicar\u00e1n todos los procesos creativos o c\u00f3mo se hace un casting, un mont\u00f3n de curiosidades que interesan al p\u00fablico, porque a todos nos gusta el cine pero no sabemos como se hace\u00bb, tal como ha explicado el propio Abraham Lacalle a <strong>tucomarca.com<\/strong>.<\/p>\n\n\n\n<p>La presentaci\u00f3n del trailer est\u00e1 prevista para este s\u00e1bado, <strong>22 de noviembre<\/strong>, a las <strong>19,30 horas<\/strong> en el Centro Cultural, donde tambi\u00e9n se podr\u00e1 conocer el cartel promocional que muestra a varios de los protagonistas de esta producci\u00f3n fant\u00e1stica, ambientada en un universo de magia, misterio y tradici\u00f3n. La iniciativa est\u00e1 respaldada adem\u00e1s por el <strong>Ayuntamiento de Cortes de Pall\u00e1s<\/strong> y por <strong>Estudios Kugo<\/strong>. <\/p>\n\n\n\n<p>Un reparto cuyos papeles principales est\u00e1n interpretados por el actor mexicano <strong>Diego Scherember<\/strong>g y por las actrices castellonenses <strong>Sara Alonso y Mayte Gil<\/strong>. A ellos se unen seis actores m\u00e1s en papeles secundarios, entre ellos Jos\u00e9 Ruiz o Nacho Ll\u00e1cer o el propio Abraham Lacalle; as\u00ed como un gran elenco de figurantes, muchos de ellos vecinos de nuestra comarca.<\/p>\n\n\n\n<p>Como el director ya avanz\u00f3 a <strong>tucomarca.com<\/strong> en su d\u00eda,<strong> B\u00fbnan<\/strong> es una pel\u00edcula \u00abinspirada en el estilo de Lovecraft y que mezcla elementos de los Cazafantasmas con las pel\u00edculas m\u00e1s oscuras de Harry Potter, prometiendo una experiencia visualmente espectacular y adecuada para todos los p\u00fablicos\u00bb.<\/p>\n\n\n\n<p>Con esta presentaci\u00f3n, <strong>Abraham Lacalle<\/strong> busca acercar al p\u00fablico, especialmente de nuestra comarca, donde se ha desarrollado buena parte de la grabaci\u00f3n de los exteriores, el proceso creativo de <strong>B\u00fbnan<\/strong> as\u00ed como generar expectaci\u00f3n antes del lanzamiento oficial de la pel\u00edcula. Abraham Lacalla se encuentra inmerso actualmente en pleno proceso de postproducci\u00f3n, \u00abun proceso muy complejo y laborioso debido a la enorme cantidad de animaciones, efectos digitales, personajes en 3D, arquitectura hecha original para la pel\u00edcula y de creatividad\u00bb.<\/p>\n\n\n\n<p>Unas animaciones que el director ha descrito que algunas de ellas \u00abtan s\u00f3lo un segundo de animaci\u00f3n est\u00e1 costando tres d\u00edas de trabajo\u00bb, de ah\u00ed que haya animado a los amantes del cine en general y a los de fantas\u00eda y magia en particular, a acercarse a <strong>Cortes de Pall\u00e1s<\/strong> este fin de semana.<\/p>\n","protected":false},"excerpt":{"rendered":"<div class=\"mh-excerpt\">El Centro Cultural de Cortes de Pall\u00e1s es el escenario donde se presenta este s\u00e1bado el trailer oficial de B\u00fbnan, el nuevo proyecto cinematogr\u00e1fico escrito, dirigido y producido por el cineasta chivano Abraham Lacalle. El <a class=\"mh-excerpt-more\" href=\"https:\/\/www.tucomarca.com\/wordpress\/segunda\/cortes-de-pallas-acoge-la-presentacion-del-documental-y-trailer-oficial-de-bunan-la-nueva-pelicula-del-cineasta-chivano-abraham-lacalle\/\" title=\"Cortes de Pall\u00e1s acoge la presentaci\u00f3n del documental y trailer oficial de &#8216;B\u00fbnan&#8217;, la nueva pel\u00edcula del cineasta chivano Abraham Lacalle\">[+] <\/a><\/div>\n","protected":false},"author":12,"featured_media":286011,"comment_status":"open","ping_status":"open","sticky":false,"template":"","format":"standard","meta":{"footnotes":""},"categories":[4,38,40,8,7,3,45],"tags":[23403,10540,20379,86,10392],"class_list":{"0":"post-286006","1":"post","2":"type-post","3":"status-publish","4":"format-standard","5":"has-post-thumbnail","7":"category-agenda","8":"category-ayora-cofrentes","9":"category-cortes-de-pallas","10":"category-la-comarca","11":"category-ocio-y-cultura","12":"category-seccion","13":"category-ventana","14":"tag-abraham-lacalle","15":"tag-ayora-cofrentes","16":"tag-bunan","17":"tag-cine","18":"tag-cortes-de-pallas"},"_links":{"self":[{"href":"https:\/\/www.tucomarca.com\/wordpress\/segunda\/wp-json\/wp\/v2\/posts\/286006","targetHints":{"allow":["GET"]}}],"collection":[{"href":"https:\/\/www.tucomarca.com\/wordpress\/segunda\/wp-json\/wp\/v2\/posts"}],"about":[{"href":"https:\/\/www.tucomarca.com\/wordpress\/segunda\/wp-json\/wp\/v2\/types\/post"}],"author":[{"embeddable":true,"href":"https:\/\/www.tucomarca.com\/wordpress\/segunda\/wp-json\/wp\/v2\/users\/12"}],"replies":[{"embeddable":true,"href":"https:\/\/www.tucomarca.com\/wordpress\/segunda\/wp-json\/wp\/v2\/comments?post=286006"}],"version-history":[{"count":0,"href":"https:\/\/www.tucomarca.com\/wordpress\/segunda\/wp-json\/wp\/v2\/posts\/286006\/revisions"}],"wp:featuredmedia":[{"embeddable":true,"href":"https:\/\/www.tucomarca.com\/wordpress\/segunda\/wp-json\/wp\/v2\/media\/286011"}],"wp:attachment":[{"href":"https:\/\/www.tucomarca.com\/wordpress\/segunda\/wp-json\/wp\/v2\/media?parent=286006"}],"wp:term":[{"taxonomy":"category","embeddable":true,"href":"https:\/\/www.tucomarca.com\/wordpress\/segunda\/wp-json\/wp\/v2\/categories?post=286006"},{"taxonomy":"post_tag","embeddable":true,"href":"https:\/\/www.tucomarca.com\/wordpress\/segunda\/wp-json\/wp\/v2\/tags?post=286006"}],"curies":[{"name":"wp","href":"https:\/\/api.w.org\/{rel}","templated":true}]}}