{"id":286039,"date":"2025-11-21T08:30:00","date_gmt":"2025-11-21T07:30:00","guid":{"rendered":"https:\/\/www.tucomarca.com\/wordpress\/segunda\/?p=286039"},"modified":"2025-11-21T21:11:13","modified_gmt":"2025-11-21T20:11:13","slug":"la-diputacio-de-valencia-destina-236-000-euros-a-potenciar-el-turismo-en-40-municipios-con-riesgo-de-despoblacion","status":"publish","type":"post","link":"https:\/\/www.tucomarca.com\/wordpress\/segunda\/la-diputacio-de-valencia-destina-236-000-euros-a-potenciar-el-turismo-en-40-municipios-con-riesgo-de-despoblacion\/","title":{"rendered":"La Diputaci\u00f3 de Val\u00e8ncia destina 236.000 euros a potenciar el turismo en 40 municipios con riesgo de despoblaci\u00f3n\u00a0"},"content":{"rendered":"\n<h3 class=\"wp-block-heading\">El \u00e1rea de Turismo que dirige el diputado Pedro Cuesta aprueba estas subvenciones, que se enmarcan en el programa anual \u2018Impulsem Turisme\u2019.\u00a0<\/h3>\n\n\n\n<p>La Diputaci\u00f3 de Val\u00e8ncia, a trav\u00e9s de su Centro de Turismo y Deportes, ha aprobado la concesi\u00f3n de nuevas subvenciones a 40 municipios rurales con riesgo de despoblaci\u00f3n de la provincia, por un importe global de 236.545 euros, con el objetivo de potenciar la creaci\u00f3n y generaci\u00f3n de productos tur\u00edsticos, as\u00ed como al mantenimiento de infraestructuras y equipamientos en este \u00e1mbito.<\/p>\n\n\n\n<p>El <a href=\"https:\/\/bop.dival.es\/bop\/xhtml\/portal.xhtml\">Bolet\u00edn Oficial de la Provincia (BOP)<\/a> recoge el desglose de estas ayudas econ\u00f3micas, que se han concedido por concurrencia competitiva dentro del programa \u2018Impulsem Turisme\u2019 2025, puesto en marcha por el \u00e1rea de Turismo que dirige el diputado Pedro Cuesta.<\/p>\n\n\n\n<p>Seg\u00fan ha explicado el diputado, estas subvenciones complementan y consolidan la \u201cespecial apuesta de la Diputaci\u00f3n por el desarrollo tur\u00edstico de los municipios del interior de la provincia -con programas como \u2018Fem Poble\u2019 o \u2018Birding per l\u2019Interior, entre otros-, para generar empleo y econom\u00edas locales que logren fijar poblaci\u00f3n en estas localidades\u201d.<\/p>\n\n\n\n<p>Cuesta, adem\u00e1s, ha insistido en que la corporaci\u00f3n provincial \u201ccontin\u00faa trabajando para la puesta en marcha de acciones transversales en la provincia que permitan avanzar en la lucha contra la despoblaci\u00f3n, innovando y progresando en beneficio de nuestros pueblos m\u00e1s necesitados\u201d.<\/p>\n\n\n\n<p>Los municipios beneficiados con estas ayudas son Ademuz, Aielo de Rugat, Alcublas, Alpuente, Antella, Aras de los Olmos, Ayora, Benag\u00e9ber, Beniatjar, Benisuera, Bicorp, Bufali, Calles, Carr\u00edcola, Casas Altas, Casas Bajas, Castielfabib, Caudete de las Fuentes, Chelva, Chulilla, Dos Aguas, La Granja de la Costera, Higueruelas, Jarafuel, Millares, Pedralba, Pinet, Quatretonda, Rugat, Segart, Sumac\u00e0rcer, Teresa de Cofrentes, Titaguas, Torrebaja, Tu\u00e9jar, Vallanca, Vall\u00e9s, Villar del Arzobispo, Villargordo del Cabriel y Zarra.<\/p>\n","protected":false},"excerpt":{"rendered":"<div class=\"mh-excerpt\">El \u00e1rea de Turismo que dirige el diputado Pedro Cuesta aprueba estas subvenciones, que se enmarcan en el programa anual \u2018Impulsem Turisme\u2019.\u00a0 La Diputaci\u00f3 de Val\u00e8ncia, a trav\u00e9s de su Centro de Turismo y Deportes, <a class=\"mh-excerpt-more\" href=\"https:\/\/www.tucomarca.com\/wordpress\/segunda\/la-diputacio-de-valencia-destina-236-000-euros-a-potenciar-el-turismo-en-40-municipios-con-riesgo-de-despoblacion\/\" title=\"La Diputaci\u00f3 de Val\u00e8ncia destina 236.000 euros a potenciar el turismo en 40 municipios con riesgo de despoblaci\u00f3n\u00a0\">[+] <\/a><\/div>\n","protected":false},"author":12,"featured_media":286041,"comment_status":"open","ping_status":"open","sticky":false,"template":"","format":"standard","meta":{"footnotes":""},"categories":[223,49,137,198,146,101,39,38,141,338,190,224,225,226,37,188,192,41,15,194,128,231,70,8,10,42,59,117,71,196,142,27,3,151,232,189,228,134,229,45,171,120,233],"tags":[3677,23373,23406],"class_list":{"0":"post-286039","1":"post","2":"type-post","3":"status-publish","4":"format-standard","5":"has-post-thumbnail","7":"category-ademuz-ademuz","8":"category-ademuz","9":"category-alcublas","10":"category-alpuente","11":"category-antella","12":"category-aras-de-olmos","13":"category-ayora","14":"category-ayora-cofrentes","15":"category-benageber","16":"category-bicorp","17":"category-calles","18":"category-casas-altas","19":"category-casas-bajas","20":"category-castielfabib","21":"category-caudete","22":"category-chelva","23":"category-chulilla","24":"category-cofrentes","25":"category-dos-aguas","26":"category-higueruelas","27":"category-infraestructuras","28":"category-jarafuel","29":"category-la-canal-de-navarres","30":"category-la-comarca","31":"category-la-hoya","32":"category-la-ribera","33":"category-los-serranos","34":"category-medio-ambiente-la-comarca","35":"category-millares","36":"category-pedralba","37":"category-politica-la-comarca","38":"category-requena-utiel","39":"category-seccion","40":"category-sumacarcer","41":"category-teresa-de-cofrentes","42":"category-titaguas","43":"category-torrebaja","44":"category-tuejar","45":"category-vallanca","46":"category-ventana","47":"category-villar-del-arzobispo","48":"category-villargordo-del-cabriel","49":"category-zarra","50":"tag-diputacio-de-valencia","51":"tag-impulsem-turisme-2025","52":"tag-pueblos-con-riesgo-de-despoblacion"},"_links":{"self":[{"href":"https:\/\/www.tucomarca.com\/wordpress\/segunda\/wp-json\/wp\/v2\/posts\/286039","targetHints":{"allow":["GET"]}}],"collection":[{"href":"https:\/\/www.tucomarca.com\/wordpress\/segunda\/wp-json\/wp\/v2\/posts"}],"about":[{"href":"https:\/\/www.tucomarca.com\/wordpress\/segunda\/wp-json\/wp\/v2\/types\/post"}],"author":[{"embeddable":true,"href":"https:\/\/www.tucomarca.com\/wordpress\/segunda\/wp-json\/wp\/v2\/users\/12"}],"replies":[{"embeddable":true,"href":"https:\/\/www.tucomarca.com\/wordpress\/segunda\/wp-json\/wp\/v2\/comments?post=286039"}],"version-history":[{"count":0,"href":"https:\/\/www.tucomarca.com\/wordpress\/segunda\/wp-json\/wp\/v2\/posts\/286039\/revisions"}],"wp:featuredmedia":[{"embeddable":true,"href":"https:\/\/www.tucomarca.com\/wordpress\/segunda\/wp-json\/wp\/v2\/media\/286041"}],"wp:attachment":[{"href":"https:\/\/www.tucomarca.com\/wordpress\/segunda\/wp-json\/wp\/v2\/media?parent=286039"}],"wp:term":[{"taxonomy":"category","embeddable":true,"href":"https:\/\/www.tucomarca.com\/wordpress\/segunda\/wp-json\/wp\/v2\/categories?post=286039"},{"taxonomy":"post_tag","embeddable":true,"href":"https:\/\/www.tucomarca.com\/wordpress\/segunda\/wp-json\/wp\/v2\/tags?post=286039"}],"curies":[{"name":"wp","href":"https:\/\/api.w.org\/{rel}","templated":true}]}}