{"id":2861,"date":"2012-06-02T12:49:50","date_gmt":"2012-06-02T10:49:50","guid":{"rendered":"http:\/\/www.tucomarca.com\/wordpress\/segunda\/?p=2861"},"modified":"2012-06-02T17:52:43","modified_gmt":"2012-06-02T15:52:43","slug":"el-incendio-de-vilamarxant-se-salda-con-15-hectareas-de-arbolado-quemado","status":"publish","type":"post","link":"https:\/\/www.tucomarca.com\/wordpress\/segunda\/el-incendio-de-vilamarxant-se-salda-con-15-hectareas-de-arbolado-quemado\/","title":{"rendered":"El incendio de Vilamarxant se salda con 1,5 hect\u00e1reas de arbolado quemado"},"content":{"rendered":"<div id=\"noticia_texto\">\n<p>El incendio forestal que se declar\u00f3 en la tarde del jueves en el t\u00e9rmino  municipal de Vilamarxant y que fue controlado a las 19.08  horas del d\u00eda siguiente, ha afectado a una superficie de 1,5 hect\u00e1reas de arbolado, seg\u00fan  ha informado el Centro de Coordinaci\u00f3n de Emergencias (CCE).<\/p>\n<p>Hasta primera hora de la tarde de ayer se manten\u00edan trabajando en la zona cuatro  medios a\u00e9reos, cinco brigadas y bomberos del Consorcio Provincial. Las  llamas han afectado al per\u00edmetro del Parque Natural del Turia.<\/p>\n<p>Los servicios de emergencias recibieron la llamada de alerta a las  13.10 horas y se movilizaron en ese momento cuatro medios a\u00e9reos,  tres brigadas forestales, cuatro brigadas de la Diputaci\u00f3n, una  autobomba y bomberos de los parques de l&#8217;Eliana y Paterna.<\/p>\n<\/div>\n","protected":false},"excerpt":{"rendered":"<div class=\"mh-excerpt\">El incendio forestal que se declar\u00f3 en la tarde del jueves en el t\u00e9rmino municipal de Vilamarxant y que fue controlado a las 19.08 horas del d\u00eda siguiente, ha afectado a una superficie de 1,5 <a class=\"mh-excerpt-more\" href=\"https:\/\/www.tucomarca.com\/wordpress\/segunda\/el-incendio-de-vilamarxant-se-salda-con-15-hectareas-de-arbolado-quemado\/\" title=\"El incendio de Vilamarxant se salda con 1,5 hect\u00e1reas de arbolado quemado\">[+] <\/a><\/div>\n","protected":false},"author":1,"featured_media":0,"comment_status":"open","ping_status":"open","sticky":false,"template":"","format":"standard","meta":{"footnotes":""},"categories":[46,177,8,3,116,184],"tags":[],"class_list":{"0":"post-2861","1":"post","2":"type-post","3":"status-publish","4":"format-standard","6":"category-camp-de-turia","7":"category-leliana","8":"category-la-comarca","9":"category-seccion","10":"category-sucesos-la-comarca","11":"category-vilamarxant"},"_links":{"self":[{"href":"https:\/\/www.tucomarca.com\/wordpress\/segunda\/wp-json\/wp\/v2\/posts\/2861","targetHints":{"allow":["GET"]}}],"collection":[{"href":"https:\/\/www.tucomarca.com\/wordpress\/segunda\/wp-json\/wp\/v2\/posts"}],"about":[{"href":"https:\/\/www.tucomarca.com\/wordpress\/segunda\/wp-json\/wp\/v2\/types\/post"}],"author":[{"embeddable":true,"href":"https:\/\/www.tucomarca.com\/wordpress\/segunda\/wp-json\/wp\/v2\/users\/1"}],"replies":[{"embeddable":true,"href":"https:\/\/www.tucomarca.com\/wordpress\/segunda\/wp-json\/wp\/v2\/comments?post=2861"}],"version-history":[{"count":0,"href":"https:\/\/www.tucomarca.com\/wordpress\/segunda\/wp-json\/wp\/v2\/posts\/2861\/revisions"}],"wp:attachment":[{"href":"https:\/\/www.tucomarca.com\/wordpress\/segunda\/wp-json\/wp\/v2\/media?parent=2861"}],"wp:term":[{"taxonomy":"category","embeddable":true,"href":"https:\/\/www.tucomarca.com\/wordpress\/segunda\/wp-json\/wp\/v2\/categories?post=2861"},{"taxonomy":"post_tag","embeddable":true,"href":"https:\/\/www.tucomarca.com\/wordpress\/segunda\/wp-json\/wp\/v2\/tags?post=2861"}],"curies":[{"name":"wp","href":"https:\/\/api.w.org\/{rel}","templated":true}]}}