{"id":286169,"date":"2025-11-24T10:30:00","date_gmt":"2025-11-24T09:30:00","guid":{"rendered":"https:\/\/www.tucomarca.com\/wordpress\/segunda\/?p=286169"},"modified":"2025-11-24T19:25:46","modified_gmt":"2025-11-24T18:25:46","slug":"la-unio-denuncia-que-los-precios-del-aceite-caen-mas-de-un-30-sobre-la-campana-anterior","status":"publish","type":"post","link":"https:\/\/www.tucomarca.com\/wordpress\/segunda\/la-unio-denuncia-que-los-precios-del-aceite-caen-mas-de-un-30-sobre-la-campana-anterior\/","title":{"rendered":"La Uni\u00f3 denuncia que los precios del aceite caen m\u00e1s de un 30% sobre la campa\u00f1a anterior"},"content":{"rendered":"\n<h3 class=\"wp-block-heading\">En plena recolecci\u00f3n de la aceituna en las zonas productoras de la Comunitat Valenciana, estamos ante una campa\u00f1a con una recuperaci\u00f3n productiva tras la importante merma de la anterior por la sequ\u00eda, pero lejos de lo esperado en un principio.<\/h3>\n\n\n\n<h3 class=\"wp-block-heading\">Los productores est\u00e1n preocupados por el posible recorte de las ayudas de la PAC y por no recibir la ayuda por la sequ\u00eda del pasado a\u00f1o ante la falta de presupuestos generales del Estado.<\/h3>\n\n\n\n<p>La Uni\u00f3 Llauradora prev\u00e9 una cosecha de aceitunas m\u00e1s baja de lo esperado en general en el conjunto de la Comunitat Valenciana con una recuperaci\u00f3n productiva tras una campa\u00f1a como la pasada nefasta como consecuencia de la importante merma ocasionada por la sequ\u00eda, pero lejos todav\u00eda de lo que se preve\u00eda. La mayor o menor recuperaci\u00f3n productiva en relaci\u00f3n con la pasada campa\u00f1a depender\u00e1 de las diferentes zonas productoras de nuestro territorio y en algunas ser\u00e1 incluso un 40% menos de lo esperado en un principio. &nbsp;<\/p>\n\n\n\n<p>Las lluvias de primavera permitieron una floraci\u00f3n del fruto excelente, que hac\u00eda barajar m\u00e1s cosecha, pero la estimaci\u00f3n ha ido a la baja por el mal cuajado posterior sobre todo a causa de las elevadas temperaturas de este pasado verano. Las \u00faltimas lluvias s\u00ed que han servido para engordar algo las aceitunas. La calidad de la aceituna es buena al no haber habido demasiados problemas de plagas.&nbsp;<\/p>\n\n\n\n<figure class=\"wp-block-image size-large\"><img loading=\"lazy\" decoding=\"async\" width=\"1024\" height=\"682\" src=\"https:\/\/www.tucomarca.com\/wordpress\/segunda\/wp-content\/uploads\/2025\/11\/CampanyaOli4-1024x682.jpg\" alt=\"\" class=\"wp-image-286173\" srcset=\"https:\/\/www.tucomarca.com\/wordpress\/segunda\/wp-content\/uploads\/2025\/11\/CampanyaOli4-1024x682.jpg 1024w, https:\/\/www.tucomarca.com\/wordpress\/segunda\/wp-content\/uploads\/2025\/11\/CampanyaOli4-300x200.jpg 300w, https:\/\/www.tucomarca.com\/wordpress\/segunda\/wp-content\/uploads\/2025\/11\/CampanyaOli4-768x512.jpg 768w, https:\/\/www.tucomarca.com\/wordpress\/segunda\/wp-content\/uploads\/2025\/11\/CampanyaOli4.jpg 1280w\" sizes=\"auto, (max-width: 1024px) 100vw, 1024px\" \/><\/figure>\n\n\n\n<p>Enric Sim\u00f3, responsable del sector del olivar de La Uni\u00f3, indica que \u201clas perspectivas de esta campa\u00f1a son buenas si se comparan con la pasada, ya que muchos productores no recogieron nada de aceitunas e incluso hubo almazaras que ni siquiera abrieron. Sin embargo, no es lo que esper\u00e1bamos y la situaci\u00f3n depende de zonas, por lo que no podemos hablar de una campa\u00f1a normal\u201d.<\/p>\n\n\n\n<p>La recuperaci\u00f3n de la capacidad productiva en el olivar en relaci\u00f3n a la pasada campa\u00f1a no se ve acompa\u00f1ada de momento por los precios, que se encuentran bastante bajos y en ca\u00edda libre. Las cotizaciones del Ministerio de Agricultura, correspondientes a la semana del 10 al 16 de noviembre, se sit\u00faan en 4,2 \u20ac el kilo de aceite para el virgen extra y en 3,6 \u20ac\/kg el de virgen. Se trata de precios un 30% m\u00e1s bajos que por estas mismas fechas de la pasada campa\u00f1a y entre un 26 y un 29% sobre la media de las \u00faltimas cuatro campa\u00f1as.<\/p>\n\n\n\n<p>Enric Sim\u00f3, responsable del sector del aceite de oliva de La Uni\u00f3 Llauradora, considera que \u201csi bien el incremento de precios tan desorbitado que se registr\u00f3 hace dos a\u00f1os no era normal, ahora observamos que est\u00e1n demasiado hundidos. Cotizaciones por debajo de los 4,5 o 5 euros dejan de ser rentables para los productores. Pedimos unas cotizaciones dignas que nos permitan cubrir costes y seguir produciendo la materia prima del aceite de oliva, un alimento primordial en la dieta mediterr\u00e1nea que debe costar lo que realmente vale\u201d.<\/p>\n\n\n\n<p>La mayor parte de las explotaciones olivareras de la Comunitat Valenciana se ubican en zonas de interior desfavorecidas y gran parte en zonas monta\u00f1osas, lo que supone todav\u00eda mayores costes para los agricultores.&nbsp;<\/p>\n\n\n\n<p>La preocupaci\u00f3n de La Uni\u00f3, adem\u00e1s de todo lo anterior, se centra en que las ayudas a la renta para los olivareros a trav\u00e9s de la PAC pueden sufrir un importante recorte en los presupuestos de la Uni\u00f3n Europea. La propuesta de Marco Financiero Plurianual de la Comisi\u00f3n Europea para el periodo 2028-2034 contempla una reducci\u00f3n del apoyo al sector primario, de manera que recorta un 22% las ayudas de la PAC. &nbsp;<\/p>\n\n\n\n<p>Adem\u00e1s, los olivareros de la Comunitat Valenciana tienen pendiente todav\u00eda las ayudas aprobadas por la sequ\u00eda de 2024 que no se concretan debido a la falta de presupuestos generales del Estado. Sim\u00f3 se\u00f1ala que \u201cante la meteorolog\u00eda poco podemos hacer, pero resulta totalmente lamentable que por la falta de acuerdo de nuestros gobernantes en Bruselas y Madrid estemos en vilo para ver si vamos a recibir mayor o menor apoyo econ\u00f3mico que nos sirve de importante complemento para garantizar la rentabilidad y viabilidad de nuestras explotaciones\u201d.&nbsp;<\/p>\n","protected":false},"excerpt":{"rendered":"<div class=\"mh-excerpt\">En plena recolecci\u00f3n de la aceituna en las zonas productoras de la Comunitat Valenciana, estamos ante una campa\u00f1a con una recuperaci\u00f3n productiva tras la importante merma de la anterior por la sequ\u00eda, pero lejos de <a class=\"mh-excerpt-more\" href=\"https:\/\/www.tucomarca.com\/wordpress\/segunda\/la-unio-denuncia-que-los-precios-del-aceite-caen-mas-de-un-30-sobre-la-campana-anterior\/\" title=\"La Uni\u00f3 denuncia que los precios del aceite caen m\u00e1s de un 30% sobre la campa\u00f1a anterior\">[+] <\/a><\/div>\n","protected":false},"author":12,"featured_media":286171,"comment_status":"open","ping_status":"open","sticky":false,"template":"","format":"standard","meta":{"footnotes":""},"categories":[169,38,128,8,72,117,142,27,3,45],"tags":[21081,23416],"class_list":{"0":"post-286169","1":"post","2":"type-post","3":"status-publish","4":"format-standard","5":"has-post-thumbnail","7":"category-agricultura-la-comarca","8":"category-ayora-cofrentes","9":"category-infraestructuras","10":"category-la-comarca","11":"category-sin-categorizar","12":"category-medio-ambiente-la-comarca","13":"category-politica-la-comarca","14":"category-requena-utiel","15":"category-seccion","16":"category-ventana","17":"tag-la-unio-llauradora-i-ramadera","18":"tag-precios-del-aceite"},"_links":{"self":[{"href":"https:\/\/www.tucomarca.com\/wordpress\/segunda\/wp-json\/wp\/v2\/posts\/286169","targetHints":{"allow":["GET"]}}],"collection":[{"href":"https:\/\/www.tucomarca.com\/wordpress\/segunda\/wp-json\/wp\/v2\/posts"}],"about":[{"href":"https:\/\/www.tucomarca.com\/wordpress\/segunda\/wp-json\/wp\/v2\/types\/post"}],"author":[{"embeddable":true,"href":"https:\/\/www.tucomarca.com\/wordpress\/segunda\/wp-json\/wp\/v2\/users\/12"}],"replies":[{"embeddable":true,"href":"https:\/\/www.tucomarca.com\/wordpress\/segunda\/wp-json\/wp\/v2\/comments?post=286169"}],"version-history":[{"count":0,"href":"https:\/\/www.tucomarca.com\/wordpress\/segunda\/wp-json\/wp\/v2\/posts\/286169\/revisions"}],"wp:featuredmedia":[{"embeddable":true,"href":"https:\/\/www.tucomarca.com\/wordpress\/segunda\/wp-json\/wp\/v2\/media\/286171"}],"wp:attachment":[{"href":"https:\/\/www.tucomarca.com\/wordpress\/segunda\/wp-json\/wp\/v2\/media?parent=286169"}],"wp:term":[{"taxonomy":"category","embeddable":true,"href":"https:\/\/www.tucomarca.com\/wordpress\/segunda\/wp-json\/wp\/v2\/categories?post=286169"},{"taxonomy":"post_tag","embeddable":true,"href":"https:\/\/www.tucomarca.com\/wordpress\/segunda\/wp-json\/wp\/v2\/tags?post=286169"}],"curies":[{"name":"wp","href":"https:\/\/api.w.org\/{rel}","templated":true}]}}