{"id":286260,"date":"2025-11-25T09:50:00","date_gmt":"2025-11-25T08:50:00","guid":{"rendered":"https:\/\/www.tucomarca.com\/wordpress\/segunda\/?p=286260"},"modified":"2025-11-25T21:53:13","modified_gmt":"2025-11-25T20:53:13","slug":"marian-cano-denuncia-que-mas-de-3-200-empresas-de-la-zona-dana-siguen-esperando-la-ayuda-del-consorcio-de-seguros-mientras-algunas-se-ven-obligadas-a-echar-el-cierre","status":"publish","type":"post","link":"https:\/\/www.tucomarca.com\/wordpress\/segunda\/marian-cano-denuncia-que-mas-de-3-200-empresas-de-la-zona-dana-siguen-esperando-la-ayuda-del-consorcio-de-seguros-mientras-algunas-se-ven-obligadas-a-echar-el-cierre\/","title":{"rendered":"Mari\u00e1n Cano denuncia que m\u00e1s de 3.200 empresas de la zona DANA siguen esperando la ayuda del Consorcio de Seguros \u201cmientras algunas se ven obligadas a echar el cierre\u201d"},"content":{"rendered":"\n<h3 class=\"wp-block-heading\">Unas 1.313 empresas industriales y 1.965 comercios \u201csiguen esperando una respuesta casi 13 meses despu\u00e9s de la tragedia\u201d, ha se\u00f1alado Cano.<\/h3>\n\n\n\n<h3 class=\"wp-block-heading\">La consellera destaca \u201dla necesidad de que el Gobierno central plantee exenciones fiscales en cuestiones como la compra de veh\u00edculos\u201d.<\/h3>\n\n\n\n<p>La consellera de Innovaci\u00f3n, Industria, Comercio y Turismo, Mari\u00e1n Cano, ha denunciado este lunes que 3.278 empresas de la zona dana que han solicitado la compensaci\u00f3n del Consorcio de Seguros \u201ca\u00fan no han recibido la totalidad del dinero reclamado\u201d, seg\u00fan los \u00faltimos datos del organismo dependiente del Ministerio de Asuntos Econ\u00f3micos y Transformaci\u00f3n Digital.<\/p>\n\n\n\n<p>En concreto, en la \u00faltima actualizaci\u00f3n, de 29 de octubre, hay casi un 25 % de empresas industriales y un 12% de los comercios que \u201csolo han recibido un anticipo o no tienen noticias del Consorcio\u201d. Eso quiere decir que&nbsp;1.313 empresas industriales y 1.965 comercios \u201csiguen esperando una respuesta casi 13 meses despu\u00e9s de la tragedia\u201d, ha se\u00f1alado Cano.<\/p>\n\n\n\n<p>La consellera ha exigido al Gobierno de Espa\u00f1a que \u201cescuche a las empresas\u201d, y ha respaldado al presidente de la Confederaci\u00f3n Valenciana de Empresarios (CEV), Vicente Lafuente, quien ha denunciado que muchas empresas han tenido que cerrar porque no han recibido las compensaciones del Consorcio.<\/p>\n\n\n\n<p><strong>Derecho b\u00e1sico<\/strong><\/p>\n\n\n\n<p>\u201cLlevamos un a\u00f1o advirtiendo de que la recuperaci\u00f3n econ\u00f3mica es fundamental para la reconstrucci\u00f3n\u201d, ha se\u00f1alado Cano, \u201cy que las compensaciones del Consorcio son un derecho b\u00e1sico de los afectados, no una ayuda que se d\u00e9 por gracia del Estado\u201d. \u201cPero la lentitud de respuesta lastra el trabajo y el esfuerzo que est\u00e1n haciendo los afectados, ralentiza la econom\u00eda de la zona dana y arroja incertidumbre sobre much\u00edsimas familias que lo \u00fanico que quieren es mantener su negocio\u201d, ha continuado.<\/p>\n\n\n\n<p>Asimismo, Cano ha vuelto a destacar la \u201cnecesidad\u201d de que \u201cel Gobierno plantee exenciones fiscales para la zona afectada en cuestiones como la compra de veh\u00edculos\u201d, porque \u201ccon las condiciones actuales est\u00e1 haciendo caja con la tragedia\u201d; tambi\u00e9n ha recordado que el Plan Reinicia Auto+ \u201cest\u00e1n siendo un sonoro fracaso por las condiciones que se han impuesto a los afectados\u201d.<\/p>\n","protected":false},"excerpt":{"rendered":"<div class=\"mh-excerpt\">Unas 1.313 empresas industriales y 1.965 comercios \u201csiguen esperando una respuesta casi 13 meses despu\u00e9s de la tragedia\u201d, ha se\u00f1alado Cano. La consellera destaca \u201dla necesidad de que el Gobierno central plantee exenciones fiscales en <a class=\"mh-excerpt-more\" href=\"https:\/\/www.tucomarca.com\/wordpress\/segunda\/marian-cano-denuncia-que-mas-de-3-200-empresas-de-la-zona-dana-siguen-esperando-la-ayuda-del-consorcio-de-seguros-mientras-algunas-se-ven-obligadas-a-echar-el-cierre\/\" title=\"Mari\u00e1n Cano denuncia que m\u00e1s de 3.200 empresas de la zona DANA siguen esperando la ayuda del Consorcio de Seguros \u201cmientras algunas se ven obligadas a echar el cierre\u201d\">[+] <\/a><\/div>\n","protected":false},"author":12,"featured_media":243234,"comment_status":"open","ping_status":"open","sticky":false,"template":"","format":"standard","meta":{"footnotes":""},"categories":[21465,128,8,72,117,142,3,116,45],"tags":[23146,12831,9013,7793],"class_list":{"0":"post-286260","1":"post","2":"type-post","3":"status-publish","4":"format-standard","5":"has-post-thumbnail","7":"category-dana","8":"category-infraestructuras","9":"category-la-comarca","10":"category-sin-categorizar","11":"category-medio-ambiente-la-comarca","12":"category-politica-la-comarca","13":"category-seccion","14":"category-sucesos-la-comarca","15":"category-ventana","16":"tag-consorcio-de-seguros","17":"tag-dana-2","18":"tag-industria","19":"tag-innovacion"},"_links":{"self":[{"href":"https:\/\/www.tucomarca.com\/wordpress\/segunda\/wp-json\/wp\/v2\/posts\/286260","targetHints":{"allow":["GET"]}}],"collection":[{"href":"https:\/\/www.tucomarca.com\/wordpress\/segunda\/wp-json\/wp\/v2\/posts"}],"about":[{"href":"https:\/\/www.tucomarca.com\/wordpress\/segunda\/wp-json\/wp\/v2\/types\/post"}],"author":[{"embeddable":true,"href":"https:\/\/www.tucomarca.com\/wordpress\/segunda\/wp-json\/wp\/v2\/users\/12"}],"replies":[{"embeddable":true,"href":"https:\/\/www.tucomarca.com\/wordpress\/segunda\/wp-json\/wp\/v2\/comments?post=286260"}],"version-history":[{"count":0,"href":"https:\/\/www.tucomarca.com\/wordpress\/segunda\/wp-json\/wp\/v2\/posts\/286260\/revisions"}],"wp:featuredmedia":[{"embeddable":true,"href":"https:\/\/www.tucomarca.com\/wordpress\/segunda\/wp-json\/wp\/v2\/media\/243234"}],"wp:attachment":[{"href":"https:\/\/www.tucomarca.com\/wordpress\/segunda\/wp-json\/wp\/v2\/media?parent=286260"}],"wp:term":[{"taxonomy":"category","embeddable":true,"href":"https:\/\/www.tucomarca.com\/wordpress\/segunda\/wp-json\/wp\/v2\/categories?post=286260"},{"taxonomy":"post_tag","embeddable":true,"href":"https:\/\/www.tucomarca.com\/wordpress\/segunda\/wp-json\/wp\/v2\/tags?post=286260"}],"curies":[{"name":"wp","href":"https:\/\/api.w.org\/{rel}","templated":true}]}}