{"id":286344,"date":"2025-11-25T10:15:00","date_gmt":"2025-11-25T09:15:00","guid":{"rendered":"https:\/\/www.tucomarca.com\/wordpress\/segunda\/?p=286344"},"modified":"2025-11-25T21:39:20","modified_gmt":"2025-11-25T20:39:20","slug":"cortes-de-pallas-reivindica-la-lucha-por-la-eliminacion-de-la-violencia-contra-las-mujeres-en-el-25n","status":"publish","type":"post","link":"https:\/\/www.tucomarca.com\/wordpress\/segunda\/cortes-de-pallas-reivindica-la-lucha-por-la-eliminacion-de-la-violencia-contra-las-mujeres-en-el-25n\/","title":{"rendered":"Cortes de Pall\u00e1s reivindica la lucha por la eliminaci\u00f3n de la violencia contra las mujeres en el 25N"},"content":{"rendered":"\n<p>Cortes de Pall\u00e1s se ha sumado un a\u00f1o m\u00e1s a la conmemoraci\u00f3n del <strong>D\u00eda Internacional de la Eliminaci\u00f3n de la Violencia contra las Mujeres<\/strong>, una fecha en la que el municipio ha querido reafirmar su compromiso con la igualdad y mostrar su apoyo a todas las v\u00edctimas. Desde el \u00c1rea de Bienestar Social e Igualdad del Ayuntamiento se ha organizado una programaci\u00f3n especial que ha contado con la participaci\u00f3n de vecinos, vecinas y asociaciones locales.<\/p>\n\n\n<div class=\"wp-block-image\">\n<figure class=\"alignleft size-large is-resized\"><img loading=\"lazy\" decoding=\"async\" width=\"724\" height=\"1024\" src=\"https:\/\/www.tucomarca.com\/wordpress\/segunda\/wp-content\/uploads\/2025\/11\/Cortes25N-724x1024.jpg\" alt=\"\" class=\"wp-image-286346\" style=\"width:375px;height:auto\" srcset=\"https:\/\/www.tucomarca.com\/wordpress\/segunda\/wp-content\/uploads\/2025\/11\/Cortes25N-724x1024.jpg 724w, https:\/\/www.tucomarca.com\/wordpress\/segunda\/wp-content\/uploads\/2025\/11\/Cortes25N-212x300.jpg 212w, https:\/\/www.tucomarca.com\/wordpress\/segunda\/wp-content\/uploads\/2025\/11\/Cortes25N-768x1087.jpg 768w, https:\/\/www.tucomarca.com\/wordpress\/segunda\/wp-content\/uploads\/2025\/11\/Cortes25N.jpg 1080w\" sizes=\"auto, (max-width: 724px) 100vw, 724px\" \/><\/figure>\n<\/div>\n\n\n<p><strong>Actos previos al 25N<\/strong><\/p>\n\n\n\n<p>Las actividades comenzaron el <strong>lunes 24 de noviembre<\/strong> con la colocaci\u00f3n de la pancarta reivindicativa contra la violencia machista en el <strong>Centro Social de Cortes de Pall\u00e1s<\/strong>, as\u00ed como con el izado de la <strong>Bandera contra la Eliminaci\u00f3n de la Violencia contra las Mujeres<\/strong> en el edificio consistorial.<br>Adem\u00e1s, se instalaron banderolas y banderines conmemorativos tanto en Cortes de Pall\u00e1s como en todas sus aldeas, generando un ambiente simb\u00f3lico de uni\u00f3n y rechazo a cualquier forma de violencia contra las mujeres.<\/p>\n\n\n\n<p><strong>Concentraci\u00f3n y actos centrales del 25N<\/strong><\/p>\n\n\n\n<p>El <strong>martes 25 de noviembre<\/strong>, a las 18:30 horas, ha tenido lugar uno de los momentos m\u00e1s significativos de la jornada: la concentraci\u00f3n en la <strong>Plaza de la Iglesia<\/strong>, donde se ley\u00f3 un manifiesto institucional y se guard\u00f3 un minuto de silencio en memoria de todas las mujeres v\u00edctimas de violencia machista.<\/p>\n\n\n\n<p>Las <strong>Ganchilleras de Cortes de Pall\u00e1s<\/strong> han participado activamente repartiendo una insignia elaborada especialmente para este 25N, un gesto que simboliza el compromiso colectivo del municipio.<\/p>\n\n\n\n<p>La ciudadan\u00eda tambi\u00e9n ha realizado una <strong>ofrenda de flores<\/strong>, depositadas en la Plaza de la Iglesia en homenaje a las v\u00edctimas.<\/p>\n\n\n\n<p>El acto ha continuado con una emotiva <strong>performance<\/strong> del grupo <em>Cantar y Contar<\/em>, que puso voz y expresi\u00f3n art\u00edstica a la lucha contra la violencia de g\u00e9nero.<\/p>\n\n\n\n<p><strong>Marcha por la Ruta Violeta<\/strong><\/p>\n\n\n\n<p>La jornada ha concluido con una marcha reivindicativa por la <strong>Ruta Violeta<\/strong>, un recorrido se\u00f1alizado con flechas que llevan los nombres de las mujeres asesinadas en 2025. Durante el trayecto, los participantes recordaron a cada una de ellas y reivindicaron su derecho a la libertad, la visibilidad y la justicia.<\/p>\n\n\n\n<p>Durante todos los actos, la <strong>presencia del Punto Violeta<\/strong> en la plaza ha servido como espacio de informaci\u00f3n, apoyo y sensibilizaci\u00f3n para quienes lo necesitaron.<\/p>\n","protected":false},"excerpt":{"rendered":"<div class=\"mh-excerpt\">Cortes de Pall\u00e1s se ha sumado un a\u00f1o m\u00e1s a la conmemoraci\u00f3n del D\u00eda Internacional de la Eliminaci\u00f3n de la Violencia contra las Mujeres, una fecha en la que el municipio ha querido reafirmar su <a class=\"mh-excerpt-more\" href=\"https:\/\/www.tucomarca.com\/wordpress\/segunda\/cortes-de-pallas-reivindica-la-lucha-por-la-eliminacion-de-la-violencia-contra-las-mujeres-en-el-25n\/\" title=\"Cortes de Pall\u00e1s reivindica la lucha por la eliminaci\u00f3n de la violencia contra las mujeres en el 25N\">[+] <\/a><\/div>\n","protected":false},"author":12,"featured_media":286348,"comment_status":"open","ping_status":"open","sticky":false,"template":"","format":"standard","meta":{"footnotes":""},"categories":[4,38,40,8,7,142,3],"tags":[13086,10392,11436],"class_list":{"0":"post-286344","1":"post","2":"type-post","3":"status-publish","4":"format-standard","5":"has-post-thumbnail","7":"category-agenda","8":"category-ayora-cofrentes","9":"category-cortes-de-pallas","10":"category-la-comarca","11":"category-ocio-y-cultura","12":"category-politica-la-comarca","13":"category-seccion","14":"tag-25n","15":"tag-cortes-de-pallas","16":"tag-valle-de-ayora-cofrentes"},"_links":{"self":[{"href":"https:\/\/www.tucomarca.com\/wordpress\/segunda\/wp-json\/wp\/v2\/posts\/286344","targetHints":{"allow":["GET"]}}],"collection":[{"href":"https:\/\/www.tucomarca.com\/wordpress\/segunda\/wp-json\/wp\/v2\/posts"}],"about":[{"href":"https:\/\/www.tucomarca.com\/wordpress\/segunda\/wp-json\/wp\/v2\/types\/post"}],"author":[{"embeddable":true,"href":"https:\/\/www.tucomarca.com\/wordpress\/segunda\/wp-json\/wp\/v2\/users\/12"}],"replies":[{"embeddable":true,"href":"https:\/\/www.tucomarca.com\/wordpress\/segunda\/wp-json\/wp\/v2\/comments?post=286344"}],"version-history":[{"count":0,"href":"https:\/\/www.tucomarca.com\/wordpress\/segunda\/wp-json\/wp\/v2\/posts\/286344\/revisions"}],"wp:featuredmedia":[{"embeddable":true,"href":"https:\/\/www.tucomarca.com\/wordpress\/segunda\/wp-json\/wp\/v2\/media\/286348"}],"wp:attachment":[{"href":"https:\/\/www.tucomarca.com\/wordpress\/segunda\/wp-json\/wp\/v2\/media?parent=286344"}],"wp:term":[{"taxonomy":"category","embeddable":true,"href":"https:\/\/www.tucomarca.com\/wordpress\/segunda\/wp-json\/wp\/v2\/categories?post=286344"},{"taxonomy":"post_tag","embeddable":true,"href":"https:\/\/www.tucomarca.com\/wordpress\/segunda\/wp-json\/wp\/v2\/tags?post=286344"}],"curies":[{"name":"wp","href":"https:\/\/api.w.org\/{rel}","templated":true}]}}