{"id":286378,"date":"2025-11-25T08:10:00","date_gmt":"2025-11-25T07:10:00","guid":{"rendered":"https:\/\/www.tucomarca.com\/wordpress\/segunda\/?p=286378"},"modified":"2025-11-25T21:36:38","modified_gmt":"2025-11-25T20:36:38","slug":"gestalgar-impulsa-gesta%c2%b7lab-el-primer-festival-rural-de-agitacion-cultural-de-la-serrania","status":"publish","type":"post","link":"https:\/\/www.tucomarca.com\/wordpress\/segunda\/gestalgar-impulsa-gesta%c2%b7lab-el-primer-festival-rural-de-agitacion-cultural-de-la-serrania\/","title":{"rendered":"Gestalgar impulsa GESTA\u00b7LAB, el primer Festival Rural de Agitaci\u00f3n Cultural de la Serran\u00eda"},"content":{"rendered":"\n<p>El municipio de Gestalgar (La Serran\u00eda, Val\u00e8ncia) acoger\u00e1 la primera edici\u00f3n de GESTA\u00b7LAB, un Festival Rural de Agitaci\u00f3n Cultural que nace con el prop\u00f3sito de activar el territorio, dinamizar la vida cultural del medio rural, sobre todo en la juventud, y promover el encuentro entre arte, palabra y comunidad.<\/p>\n\n\n\n<p>GESTA\u00b7LAB es una iniciativa que apuesta por el poder transformador de la cultura y por su capacidad de generar v\u00ednculos, pensamiento y acci\u00f3n colectiva. Lejos de concebirse como un evento puntual, el festival pretende consolidarse como un motor de transformaci\u00f3n social y cultural, abierto a la participaci\u00f3n de vecinos, visitantes y creadores emergentes de distintos \u00e1mbitos.<\/p>\n\n\n\n<p>Durante varios d\u00edas, Gestalgar se convertir\u00e1 en un laboratorio de agitaci\u00f3n creativa, donde las calles y los espacios del pueblo acoger\u00e1n intervenciones art\u00edsticas, encuentros, di\u00e1logos y propuestas experimentales. El objetivo es romper rutinas, despertar emociones y sembrar preguntas, demostrando que en los pueblos del interior tambi\u00e9n suceden cosas importantes y contempor\u00e1neas.<\/p>\n\n\n\n<p>El nombre del festival, GESTA\u00b7LAB, encierra su propia declaraci\u00f3n de intenciones: \u201cgesta\u201d como ra\u00edz y haza\u00f1a, en referencia a cada acto cultural que se desarrolla en el medio rural, y \u201clab\u201d como laboratorio, s\u00edmbolo de experimentaci\u00f3n y apertura. Porque las gestas \u2014como la cultura\u2014 no se cuentan, se viven.<\/p>\n\n\n\n<p>La concejala de Cultura de Gestalgar, \u00c1ngela Rodr\u00edguez, ha destacado que \u201cGESTA\u00b7LAB es una apuesta valiente por poner en el centro la cultura como herramienta de cohesi\u00f3n y transformaci\u00f3n. Queremos que Gestalgar se convierta en un espacio donde la creaci\u00f3n contempor\u00e1nea dialogue con nuestra identidad rural, demostrando que la innovaci\u00f3n tambi\u00e9n puede nacer desde los pueblos.\u201d<\/p>\n\n\n\n<p>Rodr\u00edguez ha subrayado adem\u00e1s la importancia de la implicaci\u00f3n ciudadana: \u201cEste festival no se entiende sin la comunidad. La participaci\u00f3n de nuestras vecinas y vecinos y sobre todo de nuestros j\u00f3venes, es esencial para que GESTA\u00b7LAB sea algo vivo, compartido y con sentido. No venimos solo a traer cultura, sino a construirla juntos, desde el territorio.\u201d<\/p>\n\n\n\n<p>Por su parte, el director art\u00edstico del festival, Josep Valero, ha explicado que \u201cGESTA\u00b7LAB propone un ejercicio de experimentaci\u00f3n cultural que parte de lo rural, no como un espacio perif\u00e9rico, sino como un lugar f\u00e9rtil para la creaci\u00f3n. Queremos que el pueblo se convierta en un laboratorio en el que artistas y habitantes colaboren, se mezclen y transformen mutuamente.\u201d<\/p>\n\n\n\n<p>Valero ha se\u00f1alado tambi\u00e9n que el festival busca romper moldes y ampliar imaginarios: \u201cLa cultura no tiene por qu\u00e9 estar concentrada en las ciudades. En los pueblos tambi\u00e9n hay pensamiento, emoci\u00f3n y contemporaneidad. Nuestra intenci\u00f3n es activar procesos, no solo presentar resultados, y dejar una huella que contin\u00fae m\u00e1s all\u00e1 de los d\u00edas del festival.\u201d<\/p>\n\n\n\n<p>GESTA\u00b7LAB se concibe como un festival abierto, igualitario, sostenible y participativo, comprometido con los valores de la ruralidad viva, la agitaci\u00f3n cultural, la comunidad, la experimentaci\u00f3n y la sostenibilidad. Desde la organizaci\u00f3n se defiende que el mundo rural no es pasado, sino presente y futuro, y que la cultura, entendida como vida compartida, puede convertirse en un instrumento de cohesi\u00f3n y desarrollo territorial.<\/p>\n\n\n\n<p>Adem\u00e1s, GESTA\u00b7LAB quiere convertirse en un espacio vivo de recuperaci\u00f3n emocional y de cuidados para nuestra juventud tras los efectos de la reciente DANA, que impact\u00f3 especialmente en las comarcas del interior. El festival se plantea como un lugar seguro donde reencontrarse, reparar el tejido comunitario y canalizar, a trav\u00e9s de la creaci\u00f3n y la participaci\u00f3n cultural, las vivencias, miedos y esperanzas que dej\u00f3 este episodio meteorol\u00f3gico. Desde la organizaci\u00f3n se subraya la importancia de acompa\u00f1ar a las y los j\u00f3venes en este proceso, ofreciendo herramientas creativas que favorezcan la resiliencia, la expresi\u00f3n y el bienestar colectivo.<\/p>\n\n\n\n<p>Con esta primera edici\u00f3n, Gestalgar reafirma su compromiso con la creaci\u00f3n contempor\u00e1nea y con el impulso de nuevas formas de habitar y pensar el territorio desde la cultura. GESTA\u00b7LAB es, en definitiva, una haza\u00f1a colectiva: la gesta de quienes creen que desde los pueblos tambi\u00e9n se crea futuro.<\/p>\n\n\n\n<p><strong>Propuestas innovadoras y arriesgadas<\/strong><\/p>\n\n\n\n<figure class=\"wp-block-image size-large is-resized\"><img loading=\"lazy\" decoding=\"async\" width=\"1024\" height=\"691\" src=\"https:\/\/www.tucomarca.com\/wordpress\/segunda\/wp-content\/uploads\/2025\/11\/GestaLab02-1024x691.jpeg\" alt=\"\" class=\"wp-image-286382\" style=\"width:649px;height:auto\" srcset=\"https:\/\/www.tucomarca.com\/wordpress\/segunda\/wp-content\/uploads\/2025\/11\/GestaLab02-1024x691.jpeg 1024w, https:\/\/www.tucomarca.com\/wordpress\/segunda\/wp-content\/uploads\/2025\/11\/GestaLab02-300x202.jpeg 300w, https:\/\/www.tucomarca.com\/wordpress\/segunda\/wp-content\/uploads\/2025\/11\/GestaLab02-768x518.jpeg 768w, https:\/\/www.tucomarca.com\/wordpress\/segunda\/wp-content\/uploads\/2025\/11\/GestaLab02.jpeg 1181w\" sizes=\"auto, (max-width: 1024px) 100vw, 1024px\" \/><figcaption class=\"wp-element-caption\"><em>Foto de Marcos Loopez para Viva Lugo<\/em><\/figcaption><\/figure>\n\n\n\n<p>El programa de GESTA\u00b7LAB 2025, que se celebrar\u00e1 en Gestalgar del 28 al 30 de noviembre, reunir\u00e1 una cuidada selecci\u00f3n de artistas y propuestas procedentes de distintas disciplinas \u2014teatro, danza, circo, m\u00fasica y palabra\u2014 con el objetivo de ofrecer una mirada plural y contempor\u00e1nea sobre la creaci\u00f3n cultural desde el medio rural.<\/p>\n\n\n\n<p>La inauguraci\u00f3n del festival estar\u00e1 a cargo de Mar\u00eda Andr\u00e9s, que presentar\u00e1 \u201cFr\u00e1gil\u201d, un espect\u00e1culo de clown que invita a la reflexi\u00f3n sobre la vulnerabilidad y la emoci\u00f3n desde el humor. La jornada del s\u00e1bado contar\u00e1 con el taller \u201cLa danza no tiene edad\u201d de Cristina Mart\u00ed Vela, una propuesta participativa abierta a todas las edades que busca reivindicar el movimiento como lenguaje universal.<\/p>\n\n\n\n<p>Ese mismo d\u00eda, Ismael Sempere y Almudena Franc\u00e9s presentar\u00e1n \u201cEncara viu qui ho conta\u201d, una propuesta de narraci\u00f3n oral y memoria que recupera la tradici\u00f3n viva que todav\u00eda pervive entre las mujeres de nuestra tierra, mientras que la bailarina Natalia Navarro llevar\u00e1 a escena \u201cM\u00e5ngata\u201d, una pieza de danza contempor\u00e1nea que explora la relaci\u00f3n entre cuerpo, territorio y paisaje.<\/p>\n\n\n\n<p>La programaci\u00f3n nocturna incluir\u00e1 el espect\u00e1culo de circo de calle \u201cFlama viva\u201d de la compa\u00f1\u00eda Spinish Circo, seguido de una sesi\u00f3n de m\u00fasica electr\u00f3nica a cargo del DJ Bankal Sabir, que pondr\u00e1 ritmo a la medianoche con su sesi\u00f3n \u201cMediterranean People\u201d.<\/p>\n\n\n\n<p>El domingo se abrir\u00e1 con el concierto en ac\u00fastico de \u00c0gueda Segrelles, que ofrecer\u00e1 un repertorio de canci\u00f3n folk intimista en la Plaza del Maestro Vicente Corach\u00e1n. El festival se cerrar\u00e1 con la representaci\u00f3n de La Ponent\u00e0 y su pieza \u201cEl Corral\u201d, una propuesta de teatro social emergente que combina cercan\u00eda, emoci\u00f3n y reflexi\u00f3n.<\/p>\n\n\n\n<p>GESTA\u00b7LAB 2025 cuenta con la colaboraci\u00f3n del Ministerio de Juventud e Infancia y el \u00c1rea de Joventut de la Diputaci\u00f3 de Val\u00e8ncia, adem\u00e1s del apoyo del grupo de teatro local, el voluntariado del festival y las Festeras y Festeros 2026 de Gestalgar.<\/p>\n","protected":false},"excerpt":{"rendered":"<div class=\"mh-excerpt\">El municipio de Gestalgar (La Serran\u00eda, Val\u00e8ncia) acoger\u00e1 la primera edici\u00f3n de GESTA\u00b7LAB, un Festival Rural de Agitaci\u00f3n Cultural que nace con el prop\u00f3sito de activar el territorio, dinamizar la vida cultural del medio rural, <a class=\"mh-excerpt-more\" href=\"https:\/\/www.tucomarca.com\/wordpress\/segunda\/gestalgar-impulsa-gesta%c2%b7lab-el-primer-festival-rural-de-agitacion-cultural-de-la-serrania\/\" title=\"Gestalgar impulsa GESTA\u00b7LAB, el primer Festival Rural de Agitaci\u00f3n Cultural de la Serran\u00eda\">[+] <\/a><\/div>\n","protected":false},"author":12,"featured_media":286380,"comment_status":"open","ping_status":"open","sticky":false,"template":"","format":"standard","meta":{"footnotes":""},"categories":[4,193,128,8,59,7,142,3],"tags":[10446,23434,3912,10400],"class_list":{"0":"post-286378","1":"post","2":"type-post","3":"status-publish","4":"format-standard","5":"has-post-thumbnail","7":"category-agenda","8":"category-gestalgar","9":"category-infraestructuras","10":"category-la-comarca","11":"category-los-serranos","12":"category-ocio-y-cultura","13":"category-politica-la-comarca","14":"category-seccion","15":"tag-gestalgar","16":"tag-gestalab","17":"tag-la-serrania","18":"tag-los-serranos"},"_links":{"self":[{"href":"https:\/\/www.tucomarca.com\/wordpress\/segunda\/wp-json\/wp\/v2\/posts\/286378","targetHints":{"allow":["GET"]}}],"collection":[{"href":"https:\/\/www.tucomarca.com\/wordpress\/segunda\/wp-json\/wp\/v2\/posts"}],"about":[{"href":"https:\/\/www.tucomarca.com\/wordpress\/segunda\/wp-json\/wp\/v2\/types\/post"}],"author":[{"embeddable":true,"href":"https:\/\/www.tucomarca.com\/wordpress\/segunda\/wp-json\/wp\/v2\/users\/12"}],"replies":[{"embeddable":true,"href":"https:\/\/www.tucomarca.com\/wordpress\/segunda\/wp-json\/wp\/v2\/comments?post=286378"}],"version-history":[{"count":0,"href":"https:\/\/www.tucomarca.com\/wordpress\/segunda\/wp-json\/wp\/v2\/posts\/286378\/revisions"}],"wp:featuredmedia":[{"embeddable":true,"href":"https:\/\/www.tucomarca.com\/wordpress\/segunda\/wp-json\/wp\/v2\/media\/286380"}],"wp:attachment":[{"href":"https:\/\/www.tucomarca.com\/wordpress\/segunda\/wp-json\/wp\/v2\/media?parent=286378"}],"wp:term":[{"taxonomy":"category","embeddable":true,"href":"https:\/\/www.tucomarca.com\/wordpress\/segunda\/wp-json\/wp\/v2\/categories?post=286378"},{"taxonomy":"post_tag","embeddable":true,"href":"https:\/\/www.tucomarca.com\/wordpress\/segunda\/wp-json\/wp\/v2\/tags?post=286378"}],"curies":[{"name":"wp","href":"https:\/\/api.w.org\/{rel}","templated":true}]}}