{"id":286440,"date":"2025-11-26T09:00:00","date_gmt":"2025-11-26T08:00:00","guid":{"rendered":"https:\/\/www.tucomarca.com\/wordpress\/segunda\/?p=286440"},"modified":"2025-11-26T18:55:49","modified_gmt":"2025-11-26T17:55:49","slug":"csif-denuncia-la-falta-de-medico-de-empresa-propio-en-el-departamento-la-ribera","status":"publish","type":"post","link":"https:\/\/www.tucomarca.com\/wordpress\/segunda\/csif-denuncia-la-falta-de-medico-de-empresa-propio-en-el-departamento-la-ribera\/","title":{"rendered":"CSIF denuncia la\u00a0falta de m\u00e9dico de empresa \u201cpropio\u201d en el departamento La Ribera"},"content":{"rendered":"\n<h3 class=\"wp-block-heading\">El sindicato denuncia que la ausencia de personal sanitario de empresa incumple la normativa de prevenci\u00f3n y ralentiza la atenci\u00f3n a m\u00e1s de 3.000 trabajadores<\/h3>\n\n\n\n<h3 class=\"wp-block-heading\">A su juicio genera una situaci\u00f3n de desprotecci\u00f3n de los profesionales del departamento.<\/h3>\n\n\n\n<p>La Central Sindical Independiente y de Funcionarios (CSIF) denuncia p\u00fablicamente la grave situaci\u00f3n que atraviesa la plantilla de m\u00e1s de 3.000 trabajadores del Departamento de Salud de La Ribera, que permanece sin m\u00e9dico de empresa propio desde principios del pasado mes de junio, a esto se le a\u00f1ade la falta de enfermer\u00eda de los \u00faltimos d\u00edas. Esta carencia, la del m\u00e9dico, que inicialmente se present\u00f3 como una incidencia temporal, se ha consolidado en el tiempo, generando una situaci\u00f3n de desprotecci\u00f3n del personal que presta sus servicios en el departamento y a juicio del sindicato, puede llegar a no cumplir con las obligaciones establecidas en la Ley de Prevenci\u00f3n de Riesgos Laborales (LPRL).<\/p>\n\n\n\n<p>Actualmente, la \u00fanica cobertura del servicio se realiza mediante el desplazamiento semanal del m\u00e9dico de empresa del departamento del Hospital Universitario Doctor Peset de Valencia a Alzira. Esta medida, adem\u00e1s de ser insuficiente para cubrir las necesidades de una plantilla tan numerosa, est\u00e1 provocando una sobrecarga laboral significativa para el facultativo, quien debe asumir la vigilancia de la salud de los profesionales de ambos departamentos.&nbsp;<\/p>\n\n\n\n<p>La Central Sindical recuerda la obligatoriedad, seg\u00fan la Ley de Prevenci\u00f3n de Riesgos Laborales, de que todas las empresas (incluido el sector p\u00fablico) garanticen la vigilancia de la salud de sus empleados. Esto requiere ofrecer reconocimientos m\u00e9dicos peri\u00f3dicos y espec\u00edficos, adaptados a los riesgos de cada puesto de trabajo. El m\u00e9dico de empresa, adem\u00e1s, se encarga del seguimiento de incapacidades y accidentes, eval\u00faa la adecuaci\u00f3n del puesto de trabajo a la salud del trabajador y recomienda las adaptaciones si fueran necesarias. Tambi\u00e9n colabora en los Comit\u00e9s de Seguridad y Salud, participando en la investigaci\u00f3n de accidentes e implementando medidas de mejora.<\/p>\n\n\n\n<p>CSIF considera que la falta de un m\u00e9dico propio de empresa perjudica a los profesionales del departamento, ya que a diferencia de otros departamentos tienen que ver como procedimientos como las adaptaciones de puesto, revisiones, etc se ven ralentizadas por no tener medico propio.&nbsp; La administraci\u00f3n deber\u00eda poner un mayor empe\u00f1o y urgencia en solucionarlo.<\/p>\n\n\n\n<p>Es imperativo que el departamento de La Ribera cuente con su m\u00e9dico de empresa a tiempo completo para garantizar una atenci\u00f3n adecuada y conforme a la normativa vigente\u00bb.<\/p>\n\n\n\n<p>El sindicato exige a la Conselleria de Sanidad que tome las medidas necesarias para dotar al departamento de salud de La Ribera del personal cualificado necesario, para asegurar la vigilancia de la salud de los trabajadores del departamento.<\/p>\n","protected":false},"excerpt":{"rendered":"<div class=\"mh-excerpt\">El sindicato denuncia que la ausencia de personal sanitario de empresa incumple la normativa de prevenci\u00f3n y ralentiza la atenci\u00f3n a m\u00e1s de 3.000 trabajadores A su juicio genera una situaci\u00f3n de desprotecci\u00f3n de los <a class=\"mh-excerpt-more\" href=\"https:\/\/www.tucomarca.com\/wordpress\/segunda\/csif-denuncia-la-falta-de-medico-de-empresa-propio-en-el-departamento-la-ribera\/\" title=\"CSIF denuncia la\u00a0falta de m\u00e9dico de empresa \u201cpropio\u201d en el departamento La Ribera\">[+] <\/a><\/div>\n","protected":false},"author":12,"featured_media":286512,"comment_status":"open","ping_status":"open","sticky":false,"template":"","format":"standard","meta":{"footnotes":""},"categories":[69,119,128,8,42,142,3],"tags":[10402,381,14092],"class_list":{"0":"post-286440","1":"post","2":"type-post","3":"status-publish","4":"format-standard","5":"has-post-thumbnail","7":"category-alzira","8":"category-sanidad-la-comarca","9":"category-infraestructuras","10":"category-la-comarca","11":"category-la-ribera","12":"category-politica-la-comarca","13":"category-seccion","14":"tag-alzira","15":"tag-csif","16":"tag-departamento-de-salud-de-la-ribera"},"_links":{"self":[{"href":"https:\/\/www.tucomarca.com\/wordpress\/segunda\/wp-json\/wp\/v2\/posts\/286440","targetHints":{"allow":["GET"]}}],"collection":[{"href":"https:\/\/www.tucomarca.com\/wordpress\/segunda\/wp-json\/wp\/v2\/posts"}],"about":[{"href":"https:\/\/www.tucomarca.com\/wordpress\/segunda\/wp-json\/wp\/v2\/types\/post"}],"author":[{"embeddable":true,"href":"https:\/\/www.tucomarca.com\/wordpress\/segunda\/wp-json\/wp\/v2\/users\/12"}],"replies":[{"embeddable":true,"href":"https:\/\/www.tucomarca.com\/wordpress\/segunda\/wp-json\/wp\/v2\/comments?post=286440"}],"version-history":[{"count":0,"href":"https:\/\/www.tucomarca.com\/wordpress\/segunda\/wp-json\/wp\/v2\/posts\/286440\/revisions"}],"wp:featuredmedia":[{"embeddable":true,"href":"https:\/\/www.tucomarca.com\/wordpress\/segunda\/wp-json\/wp\/v2\/media\/286512"}],"wp:attachment":[{"href":"https:\/\/www.tucomarca.com\/wordpress\/segunda\/wp-json\/wp\/v2\/media?parent=286440"}],"wp:term":[{"taxonomy":"category","embeddable":true,"href":"https:\/\/www.tucomarca.com\/wordpress\/segunda\/wp-json\/wp\/v2\/categories?post=286440"},{"taxonomy":"post_tag","embeddable":true,"href":"https:\/\/www.tucomarca.com\/wordpress\/segunda\/wp-json\/wp\/v2\/tags?post=286440"}],"curies":[{"name":"wp","href":"https:\/\/api.w.org\/{rel}","templated":true}]}}