{"id":286540,"date":"2025-11-26T12:45:00","date_gmt":"2025-11-26T11:45:00","guid":{"rendered":"https:\/\/www.tucomarca.com\/wordpress\/segunda\/?p=286540"},"modified":"2025-11-26T22:01:21","modified_gmt":"2025-11-26T21:01:21","slug":"el-consell-aprueba-ayudas-directas-para-las-entidades-deportivas-de-los-municipios-afectados-por-la-dana","status":"publish","type":"post","link":"https:\/\/www.tucomarca.com\/wordpress\/segunda\/el-consell-aprueba-ayudas-directas-para-las-entidades-deportivas-de-los-municipios-afectados-por-la-dana\/","title":{"rendered":"El Consell aprueba ayudas directas para las entidades deportivas de los municipios afectados por la DANA"},"content":{"rendered":"\n<h3 class=\"wp-block-heading\">La Generalitat destina un importe de 761.000 euros para contribuir a la recuperaci\u00f3n de las actividades y competiciones deportivas as\u00ed como las instalaciones de las entidades.<\/h3>\n\n\n\n<p>El Pleno del Consell ha aprobado el decreto que establece las bases reguladoras y el procedimiento para la concesi\u00f3n directa de ayudas urgentes a las entidades deportivas radicadas en los municipios afectados por la dana, destinadas a financiar la recuperaci\u00f3n de sus actividades y competiciones deportivas.<\/p>\n\n\n\n<p>La subvenci\u00f3n, por una cuant\u00eda de 761.000 euros, tiene como finalidad contribuir a cubrir los sobrecostes que hayan tenido las entidades deportivas por su reubicaci\u00f3n temporal mientras recuperan sus instalaciones, con el objetivo de evitar el incremento de cuotas a las familias, facilitar el transporte de los y las deportistas, as\u00ed como apoyar la recuperaci\u00f3n de la actividad deportiva de las entidades afectadas.<\/p>\n\n\n\n<p>El temporal de octubre de 2024 provoc\u00f3 la destrucci\u00f3n o el da\u00f1o de numerosas entidades deportivas y sus instalaciones radicadas en municipios afectados, por lo que qued\u00f3 paralizada su actividad y actualmente muchas de ellas todav\u00eda a\u00fan se encuentran en dificultades, por lo que se requiere de la adopci\u00f3n de medidas urgentes que impulsen su recuperaci\u00f3n.<\/p>\n\n\n\n<p>Podr\u00e1n ser beneficiarias de esta ayuda las entidades deportivas inscritas en el Registro de Entidades Deportivas de la Comunitat Valenciana, cuyas instalaciones donde realizan sus actividades se hayan visto afectadas como consecuencia directa de la dana.<\/p>\n\n\n\n<p>El importe que puede recibir cada entidad individualmente oscilar\u00e1 entre los 15.000 y los 1.000 euros, siempre y cuando cumplan los requisitos establecidos en el decreto. En caso de que exista cantidad sobrante, se podr\u00e1 repartir entre las dem\u00e1s entidades proporcionalmente a su n\u00famero de licencias federadas.<\/p>\n\n\n\n<p><strong>Conceptos subvencionables<\/strong><\/p>\n\n\n\n<p>Estas aportaciones est\u00e1 previsto que cubran las necesidades de las entidades deportivas priorizando que contribuyan a mantener el acceso equitativo a la pr\u00e1ctica deportiva. Adem\u00e1s, est\u00e1n orientadas a disminuir el impacto log\u00edstico y econ\u00f3mico que supone el desplazamiento a las instalaciones, especialmente para menores y personas con movilidad reducida.<\/p>\n\n\n\n<p>De igual forma, el objetivo de estas subvenciones es reforzar la estabilidad de las entidades deportivas, permiti\u00e9ndoles retomar su actividad con garant\u00edas y seguir contribuyendo al tejido social y deportivo del municipio.<\/p>\n\n\n\n<p>En concreto, el cr\u00e9dito cubrir\u00e1 diferentes tipos de gastos: los federativos, como cuotas de afiliaci\u00f3n o inscripci\u00f3n en competiciones oficiales y los costes de licencias as\u00ed como de transporte (desplazamientos necesarios para entrenamientos, competiciones y actividades vinculadas a la reubicaci\u00f3n temporal).<\/p>\n\n\n\n<p>Otros gastos a subvencionar ser\u00e1n los correspondientes a equipaciones deportivas (adquisici\u00f3n de ropa t\u00e9cnica y uniformes necesarios para la pr\u00e1ctica y representaci\u00f3n deportiva).<\/p>\n\n\n\n<p><strong>Plan Endavant<\/strong><\/p>\n\n\n\n<p>El decreto se enmarca en el Plan de Recuperaci\u00f3n y Reconstrucci\u00f3n de la Comunitat Valenciana, Plan Endavant, que tiene como uno de sus objetivos generales asegurar la continuidad de la actividad deportiva y cultural y facilitar la recuperaci\u00f3n de su oferta y como objetivo espec\u00edfico acelerar la reanudaci\u00f3n de la actividad deportiva de las entidades deportivas afectadas en las condiciones adecuadas.<\/p>\n\n\n\n<p>Una de las iniciativas del Plan en estos objetivos es dar ayudas a los clubes deportivos afectados para cubrir el alquiler de instalaciones temporales, compensar la p\u00e9rdida de ingresos, evitar la subida de cuotas a deportistas, ofrecer ayudas al transporte u otras medidas que garanticen que todos los clubes dispongan de un lugar donde entrenar y competir la pr\u00f3xima temporada.<\/p>\n","protected":false},"excerpt":{"rendered":"<div class=\"mh-excerpt\">La Generalitat destina un importe de 761.000 euros para contribuir a la recuperaci\u00f3n de las actividades y competiciones deportivas as\u00ed como las instalaciones de las entidades. El Pleno del Consell ha aprobado el decreto que <a class=\"mh-excerpt-more\" href=\"https:\/\/www.tucomarca.com\/wordpress\/segunda\/el-consell-aprueba-ayudas-directas-para-las-entidades-deportivas-de-los-municipios-afectados-por-la-dana\/\" title=\"El Consell aprueba ayudas directas para las entidades deportivas de los municipios afectados por la DANA\">[+] <\/a><\/div>\n","protected":false},"author":12,"featured_media":280871,"comment_status":"open","ping_status":"open","sticky":false,"template":"","format":"standard","meta":{"footnotes":""},"categories":[21465,6,128,8,72,117,199,142,3,116,45],"tags":[23459,12831,10716,23038,13263],"class_list":{"0":"post-286540","1":"post","2":"type-post","3":"status-publish","4":"format-standard","5":"has-post-thumbnail","7":"category-dana","8":"category-deportes","9":"category-infraestructuras","10":"category-la-comarca","11":"category-sin-categorizar","12":"category-medio-ambiente-la-comarca","13":"category-polideportivo","14":"category-politica-la-comarca","15":"category-seccion","16":"category-sucesos-la-comarca","17":"category-ventana","18":"tag-ayudas-a-entidades-deportivas","19":"tag-dana-2","20":"tag-generalitat-valenciana","21":"tag-plan-endavant","22":"tag-pleno-del-consell"},"_links":{"self":[{"href":"https:\/\/www.tucomarca.com\/wordpress\/segunda\/wp-json\/wp\/v2\/posts\/286540","targetHints":{"allow":["GET"]}}],"collection":[{"href":"https:\/\/www.tucomarca.com\/wordpress\/segunda\/wp-json\/wp\/v2\/posts"}],"about":[{"href":"https:\/\/www.tucomarca.com\/wordpress\/segunda\/wp-json\/wp\/v2\/types\/post"}],"author":[{"embeddable":true,"href":"https:\/\/www.tucomarca.com\/wordpress\/segunda\/wp-json\/wp\/v2\/users\/12"}],"replies":[{"embeddable":true,"href":"https:\/\/www.tucomarca.com\/wordpress\/segunda\/wp-json\/wp\/v2\/comments?post=286540"}],"version-history":[{"count":0,"href":"https:\/\/www.tucomarca.com\/wordpress\/segunda\/wp-json\/wp\/v2\/posts\/286540\/revisions"}],"wp:featuredmedia":[{"embeddable":true,"href":"https:\/\/www.tucomarca.com\/wordpress\/segunda\/wp-json\/wp\/v2\/media\/280871"}],"wp:attachment":[{"href":"https:\/\/www.tucomarca.com\/wordpress\/segunda\/wp-json\/wp\/v2\/media?parent=286540"}],"wp:term":[{"taxonomy":"category","embeddable":true,"href":"https:\/\/www.tucomarca.com\/wordpress\/segunda\/wp-json\/wp\/v2\/categories?post=286540"},{"taxonomy":"post_tag","embeddable":true,"href":"https:\/\/www.tucomarca.com\/wordpress\/segunda\/wp-json\/wp\/v2\/tags?post=286540"}],"curies":[{"name":"wp","href":"https:\/\/api.w.org\/{rel}","templated":true}]}}