{"id":286593,"date":"2025-11-27T16:00:00","date_gmt":"2025-11-27T15:00:00","guid":{"rendered":"https:\/\/www.tucomarca.com\/wordpress\/segunda\/?p=286593"},"modified":"2025-11-27T12:36:11","modified_gmt":"2025-11-27T11:36:11","slug":"la-nina-de-4-anos-afectada-tras-la-intervencion-en-una-clinica-dental-de-alzira-ya-esta-en-planta-y-continua-mejorando","status":"publish","type":"post","link":"https:\/\/www.tucomarca.com\/wordpress\/segunda\/la-nina-de-4-anos-afectada-tras-la-intervencion-en-una-clinica-dental-de-alzira-ya-esta-en-planta-y-continua-mejorando\/","title":{"rendered":"La ni\u00f1a de 4 a\u00f1os afectada tras la intervenci\u00f3n en una cl\u00ednica dental de Alzira ya est\u00e1 en planta y contin\u00faa mejorando"},"content":{"rendered":"\n<p>La investigaci\u00f3n por el fallecimiento de una ni\u00f1a de 6 a\u00f1os y el ingreso hospitalario de otra menor, de 4 a\u00f1os, tras ser atendidas en la misma cl\u00ednica dental de Alzira muestra hoy nuevos avances.\u00a0<\/p>\n\n\n\n<p>Este mi\u00e9rcoles, agentes de la Polic\u00eda Nacional \u2014espec\u00edficamente del Grupo de Homicidios\u2014 realizaron un registro judicialmente autorizado en la cl\u00ednica donde las menores fueron tratadas.<br>El local ha sido precintado mientras contin\u00faan las diligencias.\u00a0<\/p>\n\n\n\n<p>La inspecci\u00f3n policial se centra en determinar qu\u00e9 sustancias fueron utilizadas para sedar a las pacientes y verificar la trazabilidad de los f\u00e1rmacos empleados durante la intervenci\u00f3n.&nbsp;<\/p>\n\n\n\n<p>La menor, de 4 a\u00f1os, fue ingresada en la UCI pedi\u00e1trica del Hospital Cl\u00ednico Universitario de Valencia por un cuadro de fiebre, v\u00f3mitos y somnolencia. En las \u00faltimas horas ha sido trasladada a planta y evoluciona favorablemente.&nbsp;<\/p>\n\n\n\n<p>Seg\u00fan ha confirmado la Conselleria de Sanidad de la Generalitat Valenciana, la cl\u00ednica dental no contaba con autorizaci\u00f3n para realizar t\u00e9cnicas de anestesia, lo que incluye la sedaci\u00f3n por v\u00eda intravenosa. El centro solo estaba habilitado para aplicar anestesia local.\u00a0Ese dato podr\u00eda constituir una irregularidad grave, ya que la sedaci\u00f3n intravenosa parece haber sido utilizada durante el tratamiento dental.\u00a0<\/p>\n\n\n\n<p>El juzgado de guardia de Alzira ha abierto diligencias previas para esclarecer lo sucedido. Se investigan los procedimientos realizados, la posible administraci\u00f3n indebida de anestesia, la trazabilidad de los f\u00e1rmacos empleados y las responsabilidades sanitarias y penales que pudieran derivarse.&nbsp;<\/p>\n\n\n\n<p>Por su parte, la Conselleria de Sanidad ha iniciado un expediente informativo contra la cl\u00ednica y ha ordenado la suspensi\u00f3n cautelar de su actividad.\u00a0Este caso ha conmocionado a la ciudadan\u00eda y ha generado una ola de preocupaci\u00f3n sobre las condiciones en que se realizan tratamientos con sedaci\u00f3n en cl\u00ednicas dentales privadas. Las autoridades sanitarias y judiciales han puesto toda su diligencia para esclarecer los hechos y determinar responsabilidades.<\/p>\n","protected":false},"excerpt":{"rendered":"<div class=\"mh-excerpt\">La investigaci\u00f3n por el fallecimiento de una ni\u00f1a de 6 a\u00f1os y el ingreso hospitalario de otra menor, de 4 a\u00f1os, tras ser atendidas en la misma cl\u00ednica dental de Alzira muestra hoy nuevos avances.\u00a0 <a class=\"mh-excerpt-more\" href=\"https:\/\/www.tucomarca.com\/wordpress\/segunda\/la-nina-de-4-anos-afectada-tras-la-intervencion-en-una-clinica-dental-de-alzira-ya-esta-en-planta-y-continua-mejorando\/\" title=\"La ni\u00f1a de 4 a\u00f1os afectada tras la intervenci\u00f3n en una cl\u00ednica dental de Alzira ya est\u00e1 en planta y contin\u00faa mejorando\">[+] <\/a><\/div>\n","protected":false},"author":12,"featured_media":286596,"comment_status":"open","ping_status":"open","sticky":false,"template":"","format":"standard","meta":{"footnotes":""},"categories":[99,69,8,72,42,3,116,45],"tags":[10402,23461,1407],"class_list":{"0":"post-286593","1":"post","2":"type-post","3":"status-publish","4":"format-standard","5":"has-post-thumbnail","7":"category-algemesi","8":"category-alzira","9":"category-la-comarca","10":"category-sin-categorizar","11":"category-la-ribera","12":"category-seccion","13":"category-sucesos-la-comarca","14":"category-ventana","15":"tag-alzira","16":"tag-hospital-clinico-de-valencia","17":"tag-ribera-alta"},"_links":{"self":[{"href":"https:\/\/www.tucomarca.com\/wordpress\/segunda\/wp-json\/wp\/v2\/posts\/286593","targetHints":{"allow":["GET"]}}],"collection":[{"href":"https:\/\/www.tucomarca.com\/wordpress\/segunda\/wp-json\/wp\/v2\/posts"}],"about":[{"href":"https:\/\/www.tucomarca.com\/wordpress\/segunda\/wp-json\/wp\/v2\/types\/post"}],"author":[{"embeddable":true,"href":"https:\/\/www.tucomarca.com\/wordpress\/segunda\/wp-json\/wp\/v2\/users\/12"}],"replies":[{"embeddable":true,"href":"https:\/\/www.tucomarca.com\/wordpress\/segunda\/wp-json\/wp\/v2\/comments?post=286593"}],"version-history":[{"count":0,"href":"https:\/\/www.tucomarca.com\/wordpress\/segunda\/wp-json\/wp\/v2\/posts\/286593\/revisions"}],"wp:featuredmedia":[{"embeddable":true,"href":"https:\/\/www.tucomarca.com\/wordpress\/segunda\/wp-json\/wp\/v2\/media\/286596"}],"wp:attachment":[{"href":"https:\/\/www.tucomarca.com\/wordpress\/segunda\/wp-json\/wp\/v2\/media?parent=286593"}],"wp:term":[{"taxonomy":"category","embeddable":true,"href":"https:\/\/www.tucomarca.com\/wordpress\/segunda\/wp-json\/wp\/v2\/categories?post=286593"},{"taxonomy":"post_tag","embeddable":true,"href":"https:\/\/www.tucomarca.com\/wordpress\/segunda\/wp-json\/wp\/v2\/tags?post=286593"}],"curies":[{"name":"wp","href":"https:\/\/api.w.org\/{rel}","templated":true}]}}