{"id":286601,"date":"2025-11-27T15:55:00","date_gmt":"2025-11-27T14:55:00","guid":{"rendered":"https:\/\/www.tucomarca.com\/wordpress\/segunda\/?p=286601"},"modified":"2025-11-27T13:03:06","modified_gmt":"2025-11-27T12:03:06","slug":"cortes-de-pallas-inaugura-otonel-un-dia-con-el-paisaje-y-las-gentes-de-otonel-una-muestra-que-reivindica-la-memoria-rural","status":"publish","type":"post","link":"https:\/\/www.tucomarca.com\/wordpress\/segunda\/cortes-de-pallas-inaugura-otonel-un-dia-con-el-paisaje-y-las-gentes-de-otonel-una-muestra-que-reivindica-la-memoria-rural\/","title":{"rendered":"Cortes de Pall\u00e1s inaugura &#8216;OTONEL: un d\u00eda con el paisaje y las gentes de Otonel&#8217;, una muestra que reivindica la memoria rural"},"content":{"rendered":"\n<p>El colectivo art\u00edstico <strong>Colectiva27<\/strong> ha anunciado la inauguraci\u00f3n de la exposici\u00f3n <strong>\u201cOTONEL: un d\u00eda con el paisaje y las gentes de Otonel\u201d<\/strong>, un proyecto art\u00edstico que pone el foco en la memoria, el paisaje y las comunidades rurales de Cortes de Pall\u00e1s. La apertura tendr\u00e1 lugar el <strong>6 de diciembre de 2025, a las 17,30 horas<\/strong>, en el <strong>Centro Social de Cortes de Pall\u00e1s<\/strong>, ubicado en la calle Ruaya.<\/p>\n\n\n\n<p>La muestra permanecer\u00e1 abierta al p\u00fablico <strong>hasta el 9 de enero de 2026<\/strong> y re\u00fane obras de <strong>instalaci\u00f3n, fotograf\u00eda, v\u00eddeo y pintura<\/strong> creadas por las artistas <strong>Espe Campos, Rebeka Catal\u00e1, Isabel Folgado, Rosa Mar\u00edn, Inma Peir\u00f3 y Kitapardo<\/strong>.<\/p>\n\n\n\n<p>La exposici\u00f3n se enmarca dentro del proyecto <strong>Valor-Rural<\/strong> y propone una aproximaci\u00f3n art\u00edstica al paisaje y a las historias de Otonel, bajo la premisa <strong>\u201cdel olvido al centro de atenci\u00f3n, el hilo que hace comunidad\u201d<\/strong>. La propuesta busca rescatar la memoria colectiva de este n\u00facleo rural e invitar a reflexionar sobre la identidad, la pertenencia y la relaci\u00f3n entre territorio y comunidad.<\/p>\n\n\n\n<p>Tras la inauguraci\u00f3n, los asistentes podr\u00e1n disfrutar de un <strong>aperitivo<\/strong>, en un encuentro pensado para compartir impresiones y fomentar el di\u00e1logo cultural.<\/p>\n\n\n\n<p>Con esta exposici\u00f3n, Cortes de Pall\u00e1s se convierte en escenario de un viaje visual y emocional por uno de los enclaves m\u00e1s singulares del municipio, reivindicando la importancia del arte como herramienta para reconstruir v\u00ednculos y dar valor al entorno rural.<\/p>\n","protected":false},"excerpt":{"rendered":"<div class=\"mh-excerpt\">El colectivo art\u00edstico Colectiva27 ha anunciado la inauguraci\u00f3n de la exposici\u00f3n \u201cOTONEL: un d\u00eda con el paisaje y las gentes de Otonel\u201d, un proyecto art\u00edstico que pone el foco en la memoria, el paisaje y <a class=\"mh-excerpt-more\" href=\"https:\/\/www.tucomarca.com\/wordpress\/segunda\/cortes-de-pallas-inaugura-otonel-un-dia-con-el-paisaje-y-las-gentes-de-otonel-una-muestra-que-reivindica-la-memoria-rural\/\" title=\"Cortes de Pall\u00e1s inaugura &#8216;OTONEL: un d\u00eda con el paisaje y las gentes de Otonel&#8217;, una muestra que reivindica la memoria rural\">[+] <\/a><\/div>\n","protected":false},"author":12,"featured_media":286603,"comment_status":"open","ping_status":"open","sticky":false,"template":"","format":"standard","meta":{"footnotes":""},"categories":[4,38,40,8,7,3,45],"tags":[18334,10392,5654,11436],"class_list":{"0":"post-286601","1":"post","2":"type-post","3":"status-publish","4":"format-standard","5":"has-post-thumbnail","7":"category-agenda","8":"category-ayora-cofrentes","9":"category-cortes-de-pallas","10":"category-la-comarca","11":"category-ocio-y-cultura","12":"category-seccion","13":"category-ventana","14":"tag-colectiva27","15":"tag-cortes-de-pallas","16":"tag-otonel","17":"tag-valle-de-ayora-cofrentes"},"_links":{"self":[{"href":"https:\/\/www.tucomarca.com\/wordpress\/segunda\/wp-json\/wp\/v2\/posts\/286601","targetHints":{"allow":["GET"]}}],"collection":[{"href":"https:\/\/www.tucomarca.com\/wordpress\/segunda\/wp-json\/wp\/v2\/posts"}],"about":[{"href":"https:\/\/www.tucomarca.com\/wordpress\/segunda\/wp-json\/wp\/v2\/types\/post"}],"author":[{"embeddable":true,"href":"https:\/\/www.tucomarca.com\/wordpress\/segunda\/wp-json\/wp\/v2\/users\/12"}],"replies":[{"embeddable":true,"href":"https:\/\/www.tucomarca.com\/wordpress\/segunda\/wp-json\/wp\/v2\/comments?post=286601"}],"version-history":[{"count":0,"href":"https:\/\/www.tucomarca.com\/wordpress\/segunda\/wp-json\/wp\/v2\/posts\/286601\/revisions"}],"wp:featuredmedia":[{"embeddable":true,"href":"https:\/\/www.tucomarca.com\/wordpress\/segunda\/wp-json\/wp\/v2\/media\/286603"}],"wp:attachment":[{"href":"https:\/\/www.tucomarca.com\/wordpress\/segunda\/wp-json\/wp\/v2\/media?parent=286601"}],"wp:term":[{"taxonomy":"category","embeddable":true,"href":"https:\/\/www.tucomarca.com\/wordpress\/segunda\/wp-json\/wp\/v2\/categories?post=286601"},{"taxonomy":"post_tag","embeddable":true,"href":"https:\/\/www.tucomarca.com\/wordpress\/segunda\/wp-json\/wp\/v2\/tags?post=286601"}],"curies":[{"name":"wp","href":"https:\/\/api.w.org\/{rel}","templated":true}]}}