{"id":286607,"date":"2025-11-27T14:00:00","date_gmt":"2025-11-27T13:00:00","guid":{"rendered":"https:\/\/www.tucomarca.com\/wordpress\/segunda\/?p=286607"},"modified":"2025-11-27T12:28:20","modified_gmt":"2025-11-27T11:28:20","slug":"el-club-balonmano-bunol-se-presenta-este-sabado-ante-su-aficion","status":"publish","type":"post","link":"https:\/\/www.tucomarca.com\/wordpress\/segunda\/el-club-balonmano-bunol-se-presenta-este-sabado-ante-su-aficion\/","title":{"rendered":"El Club Balonmano Bu\u00f1ol se presenta este s\u00e1bado ante su afici\u00f3n"},"content":{"rendered":"\n<h3 class=\"wp-block-heading\">La presentaci\u00f3n comenzar\u00e1 a las 17,00 horas en el Pabell\u00f3n Pablo Cus\u00ed Sierra.<\/h3>\n\n\n\n<p>El Club Balonmano Bu\u00f1ol presenta este s\u00e1bado a sus equipos para la temporada 2025-26. Lo har\u00e1 a las 17,00 horas en el Pabell\u00f3n Municipal Pablo Cus\u00ed Sierra.<\/p>\n\n\n\n<p>El Balonmano Bu\u00f1ol pondr\u00e1 toda la carne en el asador este s\u00e1bado en la presentaci\u00f3n. El trabajo de la Junta Directiva ha hecho que el club cuente con equipos en todas las categor\u00edas. Adem\u00e1s, este a\u00f1o con las actividades formativas en los colegios p\u00fablicos de la localidad, el balonmano ha vuelto a ser una alternativa que goza de mucho \u00e9xito en las actividades extraescolares del CEIP San Luis y del CEIP Cervantes. Estos ni\u00f1os y ni\u00f1as tambi\u00e9n estar\u00e1n presentes este s\u00e1bado en el acto de presentaci\u00f3n. Tambi\u00e9n, el club se est\u00e1 esforzando por recuperar el equipo femenino.<\/p>\n\n\n\n<p>La presentaci\u00f3n comenzar\u00e1 a las 17,15 horas y despu\u00e9s el equipo <strong>Llorens-Elecfer BM Bu\u00f1ol<\/strong> jugar\u00e1 su partido de liga contra <strong>El Pilar Valencia \u00abB\u00bb<\/strong>. En la media parte del encuentro, el club sortear\u00e1n varios productos de los numerosos patrocinadores del club. As\u00ed pues, m\u00e1s de 130 ni\u00f1as, ni\u00f1os y j\u00f3venes forman parte este a\u00f1o del nuevo proyecto deportivo del Club Balonmano Bu\u00f1ol.<\/p>\n","protected":false},"excerpt":{"rendered":"<div class=\"mh-excerpt\">La presentaci\u00f3n comenzar\u00e1 a las 17,00 horas en el Pabell\u00f3n Pablo Cus\u00ed Sierra. El Club Balonmano Bu\u00f1ol presenta este s\u00e1bado a sus equipos para la temporada 2025-26. Lo har\u00e1 a las 17,00 horas en el <a class=\"mh-excerpt-more\" href=\"https:\/\/www.tucomarca.com\/wordpress\/segunda\/el-club-balonmano-bunol-se-presenta-este-sabado-ante-su-aficion\/\" title=\"El Club Balonmano Bu\u00f1ol se presenta este s\u00e1bado ante su afici\u00f3n\">[+] <\/a><\/div>\n","protected":false},"author":12,"featured_media":286608,"comment_status":"open","ping_status":"open","sticky":false,"template":"","format":"standard","meta":{"footnotes":""},"categories":[4,18,6,8,10,199,3],"tags":[10385,10558,5952,23463],"class_list":{"0":"post-286607","1":"post","2":"type-post","3":"status-publish","4":"format-standard","5":"has-post-thumbnail","7":"category-agenda","8":"category-bunol","9":"category-deportes","10":"category-la-comarca","11":"category-la-hoya","12":"category-polideportivo","13":"category-seccion","14":"tag-bunol","15":"tag-club-balonmano-bunol","16":"tag-la-hoya-de-bunol-chiva","17":"tag-llorens-elecfer-bm-bunol"},"_links":{"self":[{"href":"https:\/\/www.tucomarca.com\/wordpress\/segunda\/wp-json\/wp\/v2\/posts\/286607","targetHints":{"allow":["GET"]}}],"collection":[{"href":"https:\/\/www.tucomarca.com\/wordpress\/segunda\/wp-json\/wp\/v2\/posts"}],"about":[{"href":"https:\/\/www.tucomarca.com\/wordpress\/segunda\/wp-json\/wp\/v2\/types\/post"}],"author":[{"embeddable":true,"href":"https:\/\/www.tucomarca.com\/wordpress\/segunda\/wp-json\/wp\/v2\/users\/12"}],"replies":[{"embeddable":true,"href":"https:\/\/www.tucomarca.com\/wordpress\/segunda\/wp-json\/wp\/v2\/comments?post=286607"}],"version-history":[{"count":0,"href":"https:\/\/www.tucomarca.com\/wordpress\/segunda\/wp-json\/wp\/v2\/posts\/286607\/revisions"}],"wp:featuredmedia":[{"embeddable":true,"href":"https:\/\/www.tucomarca.com\/wordpress\/segunda\/wp-json\/wp\/v2\/media\/286608"}],"wp:attachment":[{"href":"https:\/\/www.tucomarca.com\/wordpress\/segunda\/wp-json\/wp\/v2\/media?parent=286607"}],"wp:term":[{"taxonomy":"category","embeddable":true,"href":"https:\/\/www.tucomarca.com\/wordpress\/segunda\/wp-json\/wp\/v2\/categories?post=286607"},{"taxonomy":"post_tag","embeddable":true,"href":"https:\/\/www.tucomarca.com\/wordpress\/segunda\/wp-json\/wp\/v2\/tags?post=286607"}],"curies":[{"name":"wp","href":"https:\/\/api.w.org\/{rel}","templated":true}]}}