{"id":286697,"date":"2025-11-28T11:30:00","date_gmt":"2025-11-28T10:30:00","guid":{"rendered":"https:\/\/www.tucomarca.com\/wordpress\/segunda\/?p=286697"},"modified":"2025-11-28T18:44:12","modified_gmt":"2025-11-28T17:44:12","slug":"la-diputacio-consolida-el-talud-del-cerro-en-jalance-para-evitar-nuevos-desprendimientos-sobre-las-viviendas-del-entorno","status":"publish","type":"post","link":"https:\/\/www.tucomarca.com\/wordpress\/segunda\/la-diputacio-consolida-el-talud-del-cerro-en-jalance-para-evitar-nuevos-desprendimientos-sobre-las-viviendas-del-entorno\/","title":{"rendered":"La Diputaci\u00f3 consolida el talud del Cerro en Jalance para evitar nuevos desprendimientos sobre las viviendas del entorno"},"content":{"rendered":"\n<h3 class=\"wp-block-heading\">Los trabajos, con un presupuesto superior a los 65.000 euros, consisten en el saneo del terreno y la instalaci\u00f3n de m\u00e1s de 880 m\u00b2 de protecci\u00f3n mediante t\u00e9cnicas de alpinismo.<\/h3>\n\n\n\n<p>La secci\u00f3n de Riesgos Geol\u00f3gicos y Espacios Degradados de la Diputaci\u00f3 de Val\u00e8ncia ha iniciado la actuaci\u00f3n de emergencia para asegurar el talud del Cerro en Jalance, despu\u00e9s de que un derrumbe afectara a varios inmuebles situados justo bajo la ladera y se detectara la posibilidad de que pudieran producirse nuevos desprendimientos.<\/p>\n\n\n\n<p>La intervenci\u00f3n, impulsada desde el \u00e1rea de Medio Ambiente de la instituci\u00f3n provincial, responde a la solicitud remitida por el Ayuntamiento, cuyos servicios t\u00e9cnicos alertaron de la existencia de bloques inestables y de un riesgo real para el vecindario. Ante esta situaci\u00f3n, la Diputaci\u00f3 activ\u00f3 los trabajos para garantizar la estabilidad del terreno y proteger las viviendas m\u00e1s pr\u00f3ximas.<\/p>\n\n\n\n<p>El diputado de Medio Ambiente, Avelino Mascarell, subraya \u201cla importancia de actuar con rapidez cuando se detecta un riesgo claro de ca\u00edda de materiales\u201d, y recuerda que \u201cla Diputaci\u00f3 cuenta con una secci\u00f3n especializada precisamente para atender este tipo de problem\u00e1ticas, que suelen darse en municipios de interior con orograf\u00edas complejas y que requieren apoyo t\u00e9cnico y econ\u00f3mico para hacerles frente\u201d.<\/p>\n\n\n\n<p>La actuaci\u00f3n en Jalance incluye un saneo completo del talud, retirando los bloques con mayor probabilidad de desprendimiento, para posteriormente instalar 450 metros cuadrados de malla de alambre de triple torsi\u00f3n y otros 432 de red de cable de acero, una combinaci\u00f3n que permitir\u00e1 estabilizar la ladera y contener posibles movimientos del terreno. Estas protecciones quedan ancladas al terreno mediante bulones de hasta seis metros de profundidad, lo que garantiza la resistencia del conjunto frente a nuevos episodios de lluvia o descomposici\u00f3n del material rocoso.<\/p>\n\n\n\n<p>Debido a la inclinaci\u00f3n del talud y a las caracter\u00edsticas geot\u00e9cnicas del entorno, los trabajos se est\u00e1n ejecutando mediante t\u00e9cnicas de alpinismo, por parte de personal especializado en intervenci\u00f3n en zonas de dif\u00edcil acceso. El objetivo es reforzar toda la superficie afectada para eliminar el riesgo de desprendimientos y ofrecer tranquilidad a los vecinos de las viviendas situadas al pie del Cerro.<\/p>\n","protected":false},"excerpt":{"rendered":"<div class=\"mh-excerpt\">Los trabajos, con un presupuesto superior a los 65.000 euros, consisten en el saneo del terreno y la instalaci\u00f3n de m\u00e1s de 880 m\u00b2 de protecci\u00f3n mediante t\u00e9cnicas de alpinismo. La secci\u00f3n de Riesgos Geol\u00f3gicos <a class=\"mh-excerpt-more\" href=\"https:\/\/www.tucomarca.com\/wordpress\/segunda\/la-diputacio-consolida-el-talud-del-cerro-en-jalance-para-evitar-nuevos-desprendimientos-sobre-las-viviendas-del-entorno\/\" title=\"La Diputaci\u00f3 consolida el talud del Cerro en Jalance para evitar nuevos desprendimientos sobre las viviendas del entorno\">[+] <\/a><\/div>\n","protected":false},"author":12,"featured_media":286699,"comment_status":"open","ping_status":"open","sticky":false,"template":"","format":"standard","meta":{"footnotes":""},"categories":[38,128,230,8,117,142,3,45],"tags":[3677,10684,11436],"class_list":{"0":"post-286697","1":"post","2":"type-post","3":"status-publish","4":"format-standard","5":"has-post-thumbnail","7":"category-ayora-cofrentes","8":"category-infraestructuras","9":"category-jalance","10":"category-la-comarca","11":"category-medio-ambiente-la-comarca","12":"category-politica-la-comarca","13":"category-seccion","14":"category-ventana","15":"tag-diputacio-de-valencia","16":"tag-jalance","17":"tag-valle-de-ayora-cofrentes"},"_links":{"self":[{"href":"https:\/\/www.tucomarca.com\/wordpress\/segunda\/wp-json\/wp\/v2\/posts\/286697","targetHints":{"allow":["GET"]}}],"collection":[{"href":"https:\/\/www.tucomarca.com\/wordpress\/segunda\/wp-json\/wp\/v2\/posts"}],"about":[{"href":"https:\/\/www.tucomarca.com\/wordpress\/segunda\/wp-json\/wp\/v2\/types\/post"}],"author":[{"embeddable":true,"href":"https:\/\/www.tucomarca.com\/wordpress\/segunda\/wp-json\/wp\/v2\/users\/12"}],"replies":[{"embeddable":true,"href":"https:\/\/www.tucomarca.com\/wordpress\/segunda\/wp-json\/wp\/v2\/comments?post=286697"}],"version-history":[{"count":0,"href":"https:\/\/www.tucomarca.com\/wordpress\/segunda\/wp-json\/wp\/v2\/posts\/286697\/revisions"}],"wp:featuredmedia":[{"embeddable":true,"href":"https:\/\/www.tucomarca.com\/wordpress\/segunda\/wp-json\/wp\/v2\/media\/286699"}],"wp:attachment":[{"href":"https:\/\/www.tucomarca.com\/wordpress\/segunda\/wp-json\/wp\/v2\/media?parent=286697"}],"wp:term":[{"taxonomy":"category","embeddable":true,"href":"https:\/\/www.tucomarca.com\/wordpress\/segunda\/wp-json\/wp\/v2\/categories?post=286697"},{"taxonomy":"post_tag","embeddable":true,"href":"https:\/\/www.tucomarca.com\/wordpress\/segunda\/wp-json\/wp\/v2\/tags?post=286697"}],"curies":[{"name":"wp","href":"https:\/\/api.w.org\/{rel}","templated":true}]}}