{"id":2867,"date":"2012-06-02T18:00:54","date_gmt":"2012-06-02T16:00:54","guid":{"rendered":"http:\/\/www.tucomarca.com\/wordpress\/segunda\/?p=2867"},"modified":"2012-06-02T18:00:54","modified_gmt":"2012-06-02T16:00:54","slug":"jose-vicente-marques-elegido-nuevo-presidente-del-cd-cheste-mientras-luque-anuncia-que-deja-el-banquillo","status":"publish","type":"post","link":"https:\/\/www.tucomarca.com\/wordpress\/segunda\/jose-vicente-marques-elegido-nuevo-presidente-del-cd-cheste-mientras-luque-anuncia-que-deja-el-banquillo\/","title":{"rendered":"Jos\u00e9 Vicente Marqu\u00e9s, elegido nuevo presidente del CD Cheste; mientras Luque anuncia que deja el banquillo"},"content":{"rendered":"<figure id=\"attachment_2727\" aria-describedby=\"caption-attachment-2727\" style=\"width: 300px\" class=\"wp-caption alignleft\"><a href=\"https:\/\/www.tucomarca.com\/wordpress\/segunda\/wp-content\/uploads\/2012\/05\/402045_219538614804433_1341450178_n.jpg\"><img loading=\"lazy\" decoding=\"async\" class=\"size-medium wp-image-2727\" title=\"402045_219538614804433_1341450178_n\" src=\"https:\/\/www.tucomarca.com\/wordpress\/segunda\/wp-content\/uploads\/2012\/05\/402045_219538614804433_1341450178_n-300x225.jpg\" alt=\"Carlos Luque, m\u00edster del CD Cheste. tc.c\" width=\"300\" height=\"225\" srcset=\"https:\/\/www.tucomarca.com\/wordpress\/segunda\/wp-content\/uploads\/2012\/05\/402045_219538614804433_1341450178_n-300x225.jpg 300w, https:\/\/www.tucomarca.com\/wordpress\/segunda\/wp-content\/uploads\/2012\/05\/402045_219538614804433_1341450178_n.jpg 500w\" sizes=\"auto, (max-width: 300px) 100vw, 300px\" \/><\/a><figcaption id=\"caption-attachment-2727\" class=\"wp-caption-text\">Carlos Luque, ya no ser\u00e1 m\u00edster del CD Cheste. tc.c<\/figcaption><\/figure>\n<p>Ayer se celebr\u00f3 la junta General del CD Cheste donde lo mas destacable fue el nombramiento de Jose Vicente Marqu\u00e9s como nuevo presidente de la entidad tras la marcha del actual Hilario Cabrera y de su junta directiva. El expresidentes tras su marcha deja atr\u00e1s la \u00e9poca mas gloriosa del club con un campeonato en primera Regional, dos ascensos a Regional preferente, un descenso a primera Regional, una promoci\u00f3n a tercera divisi\u00f3n la pasada temporada y la quinta posici\u00f3n de esta temporada reci\u00e9n finalizada.<\/p>\n<p>El nuevo presidente esta trabajando para dise\u00f1ar su junta directiva ya que seg\u00fan sus palabras a\u00fan no tiene nombres para la misma.<\/p>\n<p>En otro orden de cosas ya sabemos que el mister Carlos Luque no continuar\u00e1 como entrenador del equipo amarillo la pr\u00f3xima temporada por lo que ya esta movi\u00e9ndose en busca de equipo. Menci\u00f3n a parte para el mister que lleg\u00f3 a mediados de la temporada 2008\/2009 con el equipo en las ultimas posiciones Regional preferente y no pudo salvarlo.<\/p>\n<p>La siguiente temporada ascend\u00eda como campe\u00f3n y en la siguiente consigui\u00f3 una gesta hist\u00f3rica para este club modesto quedando subcampe\u00f3n del grupo 2\u00ba de Regional preferente y disputando la promoci\u00f3n de ascenso y en esta ultima temporada despu\u00e9s de un nefasto comienzo el equipo se rehizo consiguiendo el record de 10 victorias consecutivas y estando luchando por meterse en los puestos de promoci\u00f3n hasta las ultimas jornadas. Despu\u00e9s de esto Luque deja escrito su nombre con letras de oro en la historia del CD Cheste.<\/p>\n<p>Con la marcha de Luque y la llegada del nuevo presidente el equipo de La Vi\u00f1a comienza una nueva etapa en estos complicados momentos por la situaci\u00f3n econ\u00f3mica que como no tambi\u00e9n afecta al club. Informa, <strong>Chimo Mir<\/strong>.<\/p>\n","protected":false},"excerpt":{"rendered":"<div class=\"mh-excerpt\">Ayer se celebr\u00f3 la junta General del CD Cheste donde lo mas destacable fue el nombramiento de Jose Vicente Marqu\u00e9s como nuevo presidente de la entidad tras la marcha del actual Hilario Cabrera y de <a class=\"mh-excerpt-more\" href=\"https:\/\/www.tucomarca.com\/wordpress\/segunda\/jose-vicente-marques-elegido-nuevo-presidente-del-cd-cheste-mientras-luque-anuncia-que-deja-el-banquillo\/\" title=\"Jos\u00e9 Vicente Marqu\u00e9s, elegido nuevo presidente del CD Cheste; mientras Luque anuncia que deja el banquillo\">[+] <\/a><\/div>\n","protected":false},"author":1,"featured_media":2727,"comment_status":"open","ping_status":"open","sticky":false,"template":"","format":"standard","meta":{"footnotes":""},"categories":[50,17,6,10,3],"tags":[],"class_list":{"0":"post-2867","1":"post","2":"type-post","3":"status-publish","4":"format-standard","5":"has-post-thumbnail","7":"category-futbol-deportes","8":"category-cheste","9":"category-deportes","10":"category-la-hoya","11":"category-seccion"},"_links":{"self":[{"href":"https:\/\/www.tucomarca.com\/wordpress\/segunda\/wp-json\/wp\/v2\/posts\/2867","targetHints":{"allow":["GET"]}}],"collection":[{"href":"https:\/\/www.tucomarca.com\/wordpress\/segunda\/wp-json\/wp\/v2\/posts"}],"about":[{"href":"https:\/\/www.tucomarca.com\/wordpress\/segunda\/wp-json\/wp\/v2\/types\/post"}],"author":[{"embeddable":true,"href":"https:\/\/www.tucomarca.com\/wordpress\/segunda\/wp-json\/wp\/v2\/users\/1"}],"replies":[{"embeddable":true,"href":"https:\/\/www.tucomarca.com\/wordpress\/segunda\/wp-json\/wp\/v2\/comments?post=2867"}],"version-history":[{"count":0,"href":"https:\/\/www.tucomarca.com\/wordpress\/segunda\/wp-json\/wp\/v2\/posts\/2867\/revisions"}],"wp:featuredmedia":[{"embeddable":true,"href":"https:\/\/www.tucomarca.com\/wordpress\/segunda\/wp-json\/wp\/v2\/media\/2727"}],"wp:attachment":[{"href":"https:\/\/www.tucomarca.com\/wordpress\/segunda\/wp-json\/wp\/v2\/media?parent=2867"}],"wp:term":[{"taxonomy":"category","embeddable":true,"href":"https:\/\/www.tucomarca.com\/wordpress\/segunda\/wp-json\/wp\/v2\/categories?post=2867"},{"taxonomy":"post_tag","embeddable":true,"href":"https:\/\/www.tucomarca.com\/wordpress\/segunda\/wp-json\/wp\/v2\/tags?post=2867"}],"curies":[{"name":"wp","href":"https:\/\/api.w.org\/{rel}","templated":true}]}}