{"id":286765,"date":"2025-11-28T09:00:00","date_gmt":"2025-11-28T08:00:00","guid":{"rendered":"https:\/\/www.tucomarca.com\/wordpress\/segunda\/?p=286765"},"modified":"2025-11-28T19:11:24","modified_gmt":"2025-11-28T18:11:24","slug":"la-escuela-zorita-de-requena-acogera-un-taller-de-primeros-auxilios-pediatricos","status":"publish","type":"post","link":"https:\/\/www.tucomarca.com\/wordpress\/segunda\/la-escuela-zorita-de-requena-acogera-un-taller-de-primeros-auxilios-pediatricos\/","title":{"rendered":"La\u00a0 Escuela Zorita de Requena acoger\u00e1 un taller de primeros auxilios pedi\u00e1tricos\u00a0"},"content":{"rendered":"\n<p>El pr\u00f3ximo lunes 1 de diciembre, a las 17:30 horas, tendr\u00e1 lugar en la Escuela Infantil Municipal Zorita un taller gratuito de primeros auxilios pedi\u00e1tricos organizado por Acatur (Asociaci\u00f3n Comarcal de Atenci\u00f3n Temprana Utiel-Requena). Gracias a la colaboraci\u00f3n del Departamento de Salud de Requena, las enfermeras Gema Mart\u00ednez, Almudena C\u00e1rcel e Irene Ruiz impartir\u00e1n este taller dirigido a familias y profesionales dedicados a la infancia. La asistencia es libre y gratuita y no es necesario reserva previa.\u00a0<\/p>\n\n\n\n<p>Los organizadores aconsejan no asistir con ni\u00f1os o ni\u00f1as para facilitar la labor de las enfermeras. <strong>Informa, Luis Ib\u00e1\u00f1ez.<\/strong><\/p>\n","protected":false},"excerpt":{"rendered":"<div class=\"mh-excerpt\">El pr\u00f3ximo lunes 1 de diciembre, a las 17:30 horas, tendr\u00e1 lugar en la Escuela Infantil Municipal Zorita un taller gratuito de primeros auxilios pedi\u00e1tricos organizado por Acatur (Asociaci\u00f3n Comarcal de Atenci\u00f3n Temprana Utiel-Requena). Gracias <a class=\"mh-excerpt-more\" href=\"https:\/\/www.tucomarca.com\/wordpress\/segunda\/la-escuela-zorita-de-requena-acogera-un-taller-de-primeros-auxilios-pediatricos\/\" title=\"La\u00a0 Escuela Zorita de Requena acoger\u00e1 un taller de primeros auxilios pedi\u00e1tricos\u00a0\">[+] <\/a><\/div>\n","protected":false},"author":12,"featured_media":286768,"comment_status":"open","ping_status":"open","sticky":false,"template":"","format":"standard","meta":{"footnotes":""},"categories":[4,119,8,72,28,27,3],"tags":[9621,10388,10387],"class_list":{"0":"post-286765","1":"post","2":"type-post","3":"status-publish","4":"format-standard","5":"has-post-thumbnail","7":"category-agenda","8":"category-sanidad-la-comarca","9":"category-la-comarca","10":"category-sin-categorizar","11":"category-requena","12":"category-requena-utiel","13":"category-seccion","14":"tag-escuela-zorita","15":"tag-requena","16":"tag-requena-utiel"},"_links":{"self":[{"href":"https:\/\/www.tucomarca.com\/wordpress\/segunda\/wp-json\/wp\/v2\/posts\/286765","targetHints":{"allow":["GET"]}}],"collection":[{"href":"https:\/\/www.tucomarca.com\/wordpress\/segunda\/wp-json\/wp\/v2\/posts"}],"about":[{"href":"https:\/\/www.tucomarca.com\/wordpress\/segunda\/wp-json\/wp\/v2\/types\/post"}],"author":[{"embeddable":true,"href":"https:\/\/www.tucomarca.com\/wordpress\/segunda\/wp-json\/wp\/v2\/users\/12"}],"replies":[{"embeddable":true,"href":"https:\/\/www.tucomarca.com\/wordpress\/segunda\/wp-json\/wp\/v2\/comments?post=286765"}],"version-history":[{"count":0,"href":"https:\/\/www.tucomarca.com\/wordpress\/segunda\/wp-json\/wp\/v2\/posts\/286765\/revisions"}],"wp:featuredmedia":[{"embeddable":true,"href":"https:\/\/www.tucomarca.com\/wordpress\/segunda\/wp-json\/wp\/v2\/media\/286768"}],"wp:attachment":[{"href":"https:\/\/www.tucomarca.com\/wordpress\/segunda\/wp-json\/wp\/v2\/media?parent=286765"}],"wp:term":[{"taxonomy":"category","embeddable":true,"href":"https:\/\/www.tucomarca.com\/wordpress\/segunda\/wp-json\/wp\/v2\/categories?post=286765"},{"taxonomy":"post_tag","embeddable":true,"href":"https:\/\/www.tucomarca.com\/wordpress\/segunda\/wp-json\/wp\/v2\/tags?post=286765"}],"curies":[{"name":"wp","href":"https:\/\/api.w.org\/{rel}","templated":true}]}}