{"id":28687,"date":"2014-06-26T12:31:03","date_gmt":"2014-06-26T09:31:03","guid":{"rendered":"http:\/\/www.tucomarca.com\/wordpress\/segunda\/?p=28687"},"modified":"2014-06-26T12:31:03","modified_gmt":"2014-06-26T09:31:03","slug":"podemos-busca-consolidarse-en-el-municipio-de-bunol-y-comarca","status":"publish","type":"post","link":"https:\/\/www.tucomarca.com\/wordpress\/segunda\/podemos-busca-consolidarse-en-el-municipio-de-bunol-y-comarca\/","title":{"rendered":"Podemos busca consolidarse en el municipio de Bu\u00f1ol y comarca"},"content":{"rendered":"<p>Como public\u00f3 este semanario en su edici\u00f3n impresa, el colectivo Podemos sigue buscando abrirse camino en La Hoya de Bu\u00f1ol-Chiva, un \u00e1rea geogr\u00e1fica en la que ha obtenido un elevado apoyo vecinal en los \u00faltimos comicios europeos.<br \/>\nEn la primera reuni\u00f3n p\u00fablica se citaron m\u00e1s de medio centenar de vecinos, mientras que en la segunda, acontecida esta misma semana han sido m\u00e1s de una veintena los ciudadanos que han querido conocer de primera mano tanto los pasos a dar por el partido \u2014recientemente constituido\u2014 como los planteamientos a los que aspira en su actividad pol\u00edtica.<br \/>\nEl creciente protagonismo de Podemos en Espa\u00f1a y las enormes expectativas que se han depositado en \u00e9l convierten a esta formaci\u00f3n en un referente a tener en cuenta tanto en los comicios municipales y auton\u00f3micos del pr\u00f3ximo a\u00f1o como en las Elecciones Generales prevista para el ejercicio 2016.<br \/>\nTal como han recalcado, dar voz a la ciudadan\u00eda es uno de los ejes en torno a los que gira su ideario.<\/p>\n","protected":false},"excerpt":{"rendered":"<div class=\"mh-excerpt\">Como public\u00f3 este semanario en su edici\u00f3n impresa, el colectivo Podemos sigue buscando abrirse camino en La Hoya de Bu\u00f1ol-Chiva, un \u00e1rea geogr\u00e1fica en la que ha obtenido un elevado apoyo vecinal en los \u00faltimos <a class=\"mh-excerpt-more\" href=\"https:\/\/www.tucomarca.com\/wordpress\/segunda\/podemos-busca-consolidarse-en-el-municipio-de-bunol-y-comarca\/\" title=\"Podemos busca consolidarse en el municipio de Bu\u00f1ol y comarca\">[+] <\/a><\/div>\n","protected":false},"author":2,"featured_media":0,"comment_status":"open","ping_status":"open","sticky":false,"template":"","format":"standard","meta":{"footnotes":""},"categories":[18,8,10,142,3],"tags":[10385,1448,5019,5018,5020],"class_list":{"0":"post-28687","1":"post","2":"type-post","3":"status-publish","4":"format-standard","6":"category-bunol","7":"category-la-comarca","8":"category-la-hoya","9":"category-politica-la-comarca","10":"category-seccion","11":"tag-bunol","12":"tag-comarca-2","13":"tag-consolidacion","14":"tag-podemos","15":"tag-reuniones"},"_links":{"self":[{"href":"https:\/\/www.tucomarca.com\/wordpress\/segunda\/wp-json\/wp\/v2\/posts\/28687","targetHints":{"allow":["GET"]}}],"collection":[{"href":"https:\/\/www.tucomarca.com\/wordpress\/segunda\/wp-json\/wp\/v2\/posts"}],"about":[{"href":"https:\/\/www.tucomarca.com\/wordpress\/segunda\/wp-json\/wp\/v2\/types\/post"}],"author":[{"embeddable":true,"href":"https:\/\/www.tucomarca.com\/wordpress\/segunda\/wp-json\/wp\/v2\/users\/2"}],"replies":[{"embeddable":true,"href":"https:\/\/www.tucomarca.com\/wordpress\/segunda\/wp-json\/wp\/v2\/comments?post=28687"}],"version-history":[{"count":0,"href":"https:\/\/www.tucomarca.com\/wordpress\/segunda\/wp-json\/wp\/v2\/posts\/28687\/revisions"}],"wp:attachment":[{"href":"https:\/\/www.tucomarca.com\/wordpress\/segunda\/wp-json\/wp\/v2\/media?parent=28687"}],"wp:term":[{"taxonomy":"category","embeddable":true,"href":"https:\/\/www.tucomarca.com\/wordpress\/segunda\/wp-json\/wp\/v2\/categories?post=28687"},{"taxonomy":"post_tag","embeddable":true,"href":"https:\/\/www.tucomarca.com\/wordpress\/segunda\/wp-json\/wp\/v2\/tags?post=28687"}],"curies":[{"name":"wp","href":"https:\/\/api.w.org\/{rel}","templated":true}]}}