{"id":286939,"date":"2025-12-02T11:30:00","date_gmt":"2025-12-02T10:30:00","guid":{"rendered":"https:\/\/www.tucomarca.com\/wordpress\/segunda\/?p=286939"},"modified":"2025-12-02T20:05:09","modified_gmt":"2025-12-02T19:05:09","slug":"los-habitantes-del-rincon-y-la-serrania-ya-pueden-comprar-en-los-comercios-locales-con-la-moneda-digital-creada-por-la-diputacio","status":"publish","type":"post","link":"https:\/\/www.tucomarca.com\/wordpress\/segunda\/los-habitantes-del-rincon-y-la-serrania-ya-pueden-comprar-en-los-comercios-locales-con-la-moneda-digital-creada-por-la-diputacio\/","title":{"rendered":"Los habitantes del Rinc\u00f3n y la Serran\u00eda ya pueden comprar en los comercios locales con la moneda digital creada por la Diputaci\u00f3"},"content":{"rendered":"\n<h3 class=\"wp-block-heading\">La corporaci\u00f3n ha puesto en marcha el proyecto \u2018Connecta Comercio Rural\u2019 en los 26 municipios de ambas comarcas con el objetivo de para impulsar el comercio local y revitalizar las econom\u00edas rurales.<\/h3>\n\n\n\n<h3 class=\"wp-block-heading\">Para la campa\u00f1a de Navidad, los ciudadanos de estos pueblos podr\u00e1n obtener descuentos de hasta 200 euros por compras realizadas en los casi 100 comercios locales adheridos.<\/h3>\n\n\n\n<p>Desde este martes los habitantes de los 26 municipios de las comarcas de la Serran\u00eda y el Rinc\u00f3n de Ademuz ya pueden hacer uso de la nueva moneda digital creada por la Diputaci\u00f3 de Val\u00e8ncia para fomentar el consumo en los comercios locales. La corporaci\u00f3n provincial est\u00e1 lanzando esta semana el proyecto \u2018Connecta Comercio Rural\u2019, con la campa\u00f1a \u2018Navidad Local\u2019, que est\u00e1 dotada con 26.500 euros y ofrece a cada ciudadano descuentos de hasta 200 euros por compras realizadas en los casi 100 comercios adheridos a la iniciativa.<\/p>\n\n\n\n<p>\u2018Connecta Comercio Rural\u2019 es un proyecto pionero e innovador dise\u00f1ado para impulsar el comercio local y revitalizar las econom\u00edas rurales a trav\u00e9s del uso de una moneda digital. Esta iniciativa, impulsada de manera conjunta por las \u00e1reas de Administraci\u00f3n Electr\u00f3nica y Desarrollo Rural, que encabezan los diputados Juan Ram\u00f3n Adsuara y Avelino Mascarell, se est\u00e1 implantando en la Serran\u00eda y el Rinc\u00f3n de Ademuz, dos de las comarcas m\u00e1s afectadas por la despoblaci\u00f3n, con la intenci\u00f3n de que, posteriormente, pueda extenderse al resto de zonas rurales de la provincia.<\/p>\n\n\n\n<p>Para dar a conocer la campa\u00f1a, el equipo t\u00e9cnico de la Diputaci\u00f3n est\u00e1 realizando presentaciones en los municipios de Villar del Arzobispo (Mancomunidad de la Serran\u00eda), Casas Altas (Mancomunidad del Rinc\u00f3n de Ademuz) y Tu\u00e9jar (Mancomunidad del Alto Turia). La base del proyecto es la creaci\u00f3n de un sistema de moneda local y pagos, basado en la tecnolog\u00eda blockchain, para incentivar el consumo en este tipo de negocios mediante un sistema de premios, descuentos y saldo acumulado.<\/p>\n\n\n\n<p>El diputado de Administraci\u00f3n Electr\u00f3nica, Juan Ram\u00f3n Adsuara, ha destacado que \u201cConnecta Comercio Rural es una apuesta firme por el desarrollo sostenible de nuestras zonas rurales. Queremos que los peque\u00f1os comercios no solo sobrevivan, sino que prosperen en un entorno rural cada vez m\u00e1s digitalizado y competitivo. Creemos que la campa\u00f1a de Navidad es el momento ideal para dar impulso al consumo en comercios de proximidad y apoyar a los ciudadanos en sus consumos previos a las fiestas\u201d.<\/p>\n\n\n\n<p>Por su parte, el diputado de Desarrollo Rural, Avelino Mascarell, considera que \u201ceste proyecto va a ser un catalizador para dinamizar nuestras comarcas de interior, porque va a ayudar a fijar poblaci\u00f3n en estas zonas, va a crear nuevas oportunidades de emprendimiento y ocupaci\u00f3n, y va a fortalecer la identidad y el sentimiento de pertenencia en los municipios\u201d, a\u00f1adiendo que \u201ccon ello intentamos dar respuesta a los retos que afronta el peque\u00f1o comercio en la actualidad, que tiene que competir con grandes empresas tanto f\u00edsicas como digitales\u201d.<\/p>\n\n\n\n<p><strong>\u00bfC\u00f3mo funciona?<\/strong><\/p>\n\n\n\n<p>El programa funciona a trav\u00e9s de una aplicaci\u00f3n m\u00f3vil (hay una versi\u00f3n para ciudadanos y otra para comercios) que permite gestionar la cartera digital y realizar pagos en los comercios locales. Aquellos que acudan a uno de los comercios adheridos recibir\u00e1n un 50% del importe de su compra de forma autom\u00e1tica en su cartera digital, que podr\u00e1n utilizar en su siguiente compra en cualquiera de los comercios que est\u00e9n dados de alta en la iniciativa. Toda la informaci\u00f3n est\u00e1 disponible en la web&nbsp;<a href=\"http:\/\/connectacomercio.dival.es\/\">connectacomercio.dival.es<\/a>.<\/p>\n\n\n\n<p>Hay que destacar que el proyecto utiliza tecnolog\u00eda blockchain, lo cual brinda la inmutabilidad y trazabilidad necesarias para completar todo el proceso de manera segura y fiable, permitiendo desarrollar este tipo de iniciativas sin depender de terceras entidades. El proyecto cuenta con la colaboraci\u00f3n de&nbsp;Telef\u00f3nica Soluciones de Inform\u00e1tica y Comunicaciones de Espa\u00f1a&nbsp;y&nbsp;Zitycard, dos empresas l\u00edderes en tecnolog\u00eda y soluciones digitales.<\/p>\n\n\n\n<p>Connecta Comercio Rural busca, en \u00faltima instancia, conectar a peque\u00f1os comerciantes de zonas rurales con herramientas digitales, formaci\u00f3n especializada y estrategias de marketing adaptadas a sus necesidades, todo ello con el objetivo de proporcionarles las herramientas necesarias para mejorar su visibilidad, optimizar su gesti\u00f3n y aumentar sus ventas, contribuyendo as\u00ed al desarrollo econ\u00f3mico y social de estas \u00e1reas.<\/p>\n","protected":false},"excerpt":{"rendered":"<div class=\"mh-excerpt\">La corporaci\u00f3n ha puesto en marcha el proyecto \u2018Connecta Comercio Rural\u2019 en los 26 municipios de ambas comarcas con el objetivo de para impulsar el comercio local y revitalizar las econom\u00edas rurales. Para la campa\u00f1a <a class=\"mh-excerpt-more\" href=\"https:\/\/www.tucomarca.com\/wordpress\/segunda\/los-habitantes-del-rincon-y-la-serrania-ya-pueden-comprar-en-los-comercios-locales-con-la-moneda-digital-creada-por-la-diputacio\/\" title=\"Los habitantes del Rinc\u00f3n y la Serran\u00eda ya pueden comprar en los comercios locales con la moneda digital creada por la Diputaci\u00f3\">[+] <\/a><\/div>\n","protected":false},"author":12,"featured_media":286941,"comment_status":"open","ping_status":"open","sticky":false,"template":"","format":"standard","meta":{"footnotes":""},"categories":[49,224,128,8,59,142,3,134,45,171],"tags":[10397,23488,3677,3912,10400,23489,1318],"class_list":{"0":"post-286939","1":"post","2":"type-post","3":"status-publish","4":"format-standard","5":"has-post-thumbnail","7":"category-ademuz","8":"category-casas-altas","9":"category-infraestructuras","10":"category-la-comarca","11":"category-los-serranos","12":"category-politica-la-comarca","13":"category-seccion","14":"category-tuejar","15":"category-ventana","16":"category-villar-del-arzobispo","17":"tag-ademuz","18":"tag-connecta-comercio-rural","19":"tag-diputacio-de-valencia","20":"tag-la-serrania","21":"tag-los-serranos","22":"tag-moneda-digital","23":"tag-rincon-de-ademuz"},"_links":{"self":[{"href":"https:\/\/www.tucomarca.com\/wordpress\/segunda\/wp-json\/wp\/v2\/posts\/286939","targetHints":{"allow":["GET"]}}],"collection":[{"href":"https:\/\/www.tucomarca.com\/wordpress\/segunda\/wp-json\/wp\/v2\/posts"}],"about":[{"href":"https:\/\/www.tucomarca.com\/wordpress\/segunda\/wp-json\/wp\/v2\/types\/post"}],"author":[{"embeddable":true,"href":"https:\/\/www.tucomarca.com\/wordpress\/segunda\/wp-json\/wp\/v2\/users\/12"}],"replies":[{"embeddable":true,"href":"https:\/\/www.tucomarca.com\/wordpress\/segunda\/wp-json\/wp\/v2\/comments?post=286939"}],"version-history":[{"count":0,"href":"https:\/\/www.tucomarca.com\/wordpress\/segunda\/wp-json\/wp\/v2\/posts\/286939\/revisions"}],"wp:featuredmedia":[{"embeddable":true,"href":"https:\/\/www.tucomarca.com\/wordpress\/segunda\/wp-json\/wp\/v2\/media\/286941"}],"wp:attachment":[{"href":"https:\/\/www.tucomarca.com\/wordpress\/segunda\/wp-json\/wp\/v2\/media?parent=286939"}],"wp:term":[{"taxonomy":"category","embeddable":true,"href":"https:\/\/www.tucomarca.com\/wordpress\/segunda\/wp-json\/wp\/v2\/categories?post=286939"},{"taxonomy":"post_tag","embeddable":true,"href":"https:\/\/www.tucomarca.com\/wordpress\/segunda\/wp-json\/wp\/v2\/tags?post=286939"}],"curies":[{"name":"wp","href":"https:\/\/api.w.org\/{rel}","templated":true}]}}