{"id":286946,"date":"2025-12-02T12:00:00","date_gmt":"2025-12-02T11:00:00","guid":{"rendered":"https:\/\/www.tucomarca.com\/wordpress\/segunda\/?p=286946"},"modified":"2025-12-02T19:57:23","modified_gmt":"2025-12-02T18:57:23","slug":"la-mancomunidad-del-alto-turia-constituye-el-consejo-comarcal-y-local-de-mayores","status":"publish","type":"post","link":"https:\/\/www.tucomarca.com\/wordpress\/segunda\/la-mancomunidad-del-alto-turia-constituye-el-consejo-comarcal-y-local-de-mayores\/","title":{"rendered":"La Mancomunidad del Alto Turia constituye el Consejo Comarcal y Local de Mayores"},"content":{"rendered":"\n<p>La Mancomunidad del Alto Turia celebrar\u00e1 el pr\u00f3ximo 10 de diciembre, a las 11,00 horas en la sede de Tu\u00e9jar, el acto de constituci\u00f3n del Consejo Comarcal y Local de Mayores, un nuevo \u00f3rgano de participaci\u00f3n dise\u00f1ado para fortalecer la implicaci\u00f3n del colectivo en la vida p\u00fablica y mejorar su bienestar en el territorio.<\/p>\n\n\n\n<p>Esta actuaci\u00f3n forma parte del Eje 1 del Proyecto de Reto Demogr\u00e1fico 2023: Alto Turia, Territorio Rural Inteligente; Conectando Pasado y Futuro, financiado por el Ministerio para la Transici\u00f3n Ecol\u00f3gica y el Reto Demogr\u00e1fico y promovido y cofinanciado por la Mancomunidad. El eje se centra en un Proyecto Piloto de Videoasistencia y Movilidad Sostenible para Mayores, cuyo objetivo es reforzar la autonom\u00eda, evitar el aislamiento y la soledad no deseada, prolongar la permanencia en el domicilio, detectar necesidades y facilitar la movilidad de las personas mayores de 65 a\u00f1os, promoviendo adem\u00e1s la socializaci\u00f3n y el consumo local.<\/p>\n\n\n\n<p>La iniciativa se enmarca en la European Local Democracy Week, semana europea dedicada a impulsar la participaci\u00f3n democr\u00e1tica a nivel local y a estrechar la relaci\u00f3n entre ciudadan\u00eda y administraciones.<\/p>\n\n\n\n<p>Para la creaci\u00f3n del Consejo se ha desarrollado un proceso participativo amplio, con reuniones de coordinaci\u00f3n, sesiones con personas mayores y tejido social, un video informativo, y un cuestionario comarcal que ha permitido recoger datos y propuestas. Se han realizado jornadas presenciales en los cinco municipios para garantizar una participaci\u00f3n cercana y accesible. Tras identificar necesidades y consensuar soluciones, se ha elaborado el Reglamento del Consejo, sometido a exposici\u00f3n p\u00fablica mediante anuncio en el BOP.<\/p>\n\n\n\n<p>Paralelamente, se ha desplegado una campa\u00f1a de comunicaci\u00f3n y difusi\u00f3n con materiales divulgativos, carteler\u00eda, folletos, infograf\u00edas, v\u00eddeos y contenidos digitales, coordinada con los cinco ayuntamientos, para asegurar la implicaci\u00f3n real del colectivo durante todo el proceso.<\/p>\n\n\n\n<p>Con su constituci\u00f3n, el Consejo Comarcal y Local de Mayores se convertir\u00e1 en un espacio estable de di\u00e1logo, creaci\u00f3n de propuestas y seguimiento de iniciativas destinadas a mejorar la calidad de vida, la autonom\u00eda y la participaci\u00f3n de las personas mayores del Alto Turia.<\/p>\n","protected":false},"excerpt":{"rendered":"<div class=\"mh-excerpt\">La Mancomunidad del Alto Turia celebrar\u00e1 el pr\u00f3ximo 10 de diciembre, a las 11,00 horas en la sede de Tu\u00e9jar, el acto de constituci\u00f3n del Consejo Comarcal y Local de Mayores, un nuevo \u00f3rgano de <a class=\"mh-excerpt-more\" href=\"https:\/\/www.tucomarca.com\/wordpress\/segunda\/la-mancomunidad-del-alto-turia-constituye-el-consejo-comarcal-y-local-de-mayores\/\" title=\"La Mancomunidad del Alto Turia constituye el Consejo Comarcal y Local de Mayores\">[+] <\/a><\/div>\n","protected":false},"author":12,"featured_media":286948,"comment_status":"open","ping_status":"open","sticky":false,"template":"","format":"standard","meta":{"footnotes":""},"categories":[49,101,128,8,59,142,3,45],"tags":[10397,8766,23492,13163,1318],"class_list":{"0":"post-286946","1":"post","2":"type-post","3":"status-publish","4":"format-standard","5":"has-post-thumbnail","7":"category-ademuz","8":"category-aras-de-olmos","9":"category-infraestructuras","10":"category-la-comarca","11":"category-los-serranos","12":"category-politica-la-comarca","13":"category-seccion","14":"category-ventana","15":"tag-ademuz","16":"tag-aras-de-los-olmos","17":"tag-consejo-comarcal-y-local-de-mayores","18":"tag-mancomunidad-alto-turia","19":"tag-rincon-de-ademuz"},"_links":{"self":[{"href":"https:\/\/www.tucomarca.com\/wordpress\/segunda\/wp-json\/wp\/v2\/posts\/286946","targetHints":{"allow":["GET"]}}],"collection":[{"href":"https:\/\/www.tucomarca.com\/wordpress\/segunda\/wp-json\/wp\/v2\/posts"}],"about":[{"href":"https:\/\/www.tucomarca.com\/wordpress\/segunda\/wp-json\/wp\/v2\/types\/post"}],"author":[{"embeddable":true,"href":"https:\/\/www.tucomarca.com\/wordpress\/segunda\/wp-json\/wp\/v2\/users\/12"}],"replies":[{"embeddable":true,"href":"https:\/\/www.tucomarca.com\/wordpress\/segunda\/wp-json\/wp\/v2\/comments?post=286946"}],"version-history":[{"count":0,"href":"https:\/\/www.tucomarca.com\/wordpress\/segunda\/wp-json\/wp\/v2\/posts\/286946\/revisions"}],"wp:featuredmedia":[{"embeddable":true,"href":"https:\/\/www.tucomarca.com\/wordpress\/segunda\/wp-json\/wp\/v2\/media\/286948"}],"wp:attachment":[{"href":"https:\/\/www.tucomarca.com\/wordpress\/segunda\/wp-json\/wp\/v2\/media?parent=286946"}],"wp:term":[{"taxonomy":"category","embeddable":true,"href":"https:\/\/www.tucomarca.com\/wordpress\/segunda\/wp-json\/wp\/v2\/categories?post=286946"},{"taxonomy":"post_tag","embeddable":true,"href":"https:\/\/www.tucomarca.com\/wordpress\/segunda\/wp-json\/wp\/v2\/tags?post=286946"}],"curies":[{"name":"wp","href":"https:\/\/api.w.org\/{rel}","templated":true}]}}