{"id":286953,"date":"2025-12-02T12:30:00","date_gmt":"2025-12-02T11:30:00","guid":{"rendered":"https:\/\/www.tucomarca.com\/wordpress\/segunda\/?p=286953"},"modified":"2025-12-02T20:24:46","modified_gmt":"2025-12-02T19:24:46","slug":"alborache-avanza-en-las-obras-de-la-ciclopeatonal-tras-una-reunion-con-los-responsables-de-carreteras","status":"publish","type":"post","link":"https:\/\/www.tucomarca.com\/wordpress\/segunda\/alborache-avanza-en-las-obras-de-la-ciclopeatonal-tras-una-reunion-con-los-responsables-de-carreteras\/","title":{"rendered":"Alborache avanza en las obras de la ciclopeatonal tras una reuni\u00f3n con los responsables de Carreteras"},"content":{"rendered":"\n<p>El Ayuntamiento de Alborache ha mantenido una reuni\u00f3n de trabajo con responsables t\u00e9cnicos del \u00e1rea de Carreteras para abordar el avance de diversos proyectos que afectan al municipio. Al encuentro, realizado el pasado jueves, 27 de noviembre, asistieron el director de Carreteras, <strong>Javier Piedra<\/strong>; el jefe de Conservaci\u00f3n de la Demarcaci\u00f3n de Bu\u00f1ol, <strong>Jairo Robledo<\/strong>; el director de Obras de Carretera, <strong>Fernando G\u00f3mez Moralejo<\/strong>; el jefe de Construcci\u00f3n de Servicios, <strong>Pablo Boig<\/strong>; y el ingeniero del Servicio de Construcci\u00f3n, <strong>Javier Rodrigo<\/strong>.<\/p>\n\n\n\n<p>El consistorio agradeci\u00f3 p\u00fablicamente la claridad, disposici\u00f3n y profesionalidad del equipo t\u00e9cnico, as\u00ed como el seguimiento realizado por Reme Mazzolari, vicepresidenta segunda de la Diputaci\u00f3n y diputada del \u00c1rea de Carreteras, quien no pudo asistir por motivos de agenda.<\/p>\n\n\n\n<p><strong>Una obra de 6 millones que finalizar\u00e1 en marzo de 2027<\/strong><\/p>\n\n\n\n<p>Durante la reuni\u00f3n se detall\u00f3 el estado de las obras de la futura ciclopeatonal, una actuaci\u00f3n valorada en 6 millones de euros y cuya finalizaci\u00f3n est\u00e1 prevista para marzo de 2027. A petici\u00f3n del Ayuntamiento, el proyecto ha incorporado varias mejoras:<\/p>\n\n\n\n<ul class=\"wp-block-list\">\n<li>Un acceso para conectar la urbanizaci\u00f3n Fuente del Mico con la ciclopeatonal.<\/li>\n\n\n\n<li>La iluminaci\u00f3n completa de todo el trazado.<\/li>\n\n\n\n<li>La correcci\u00f3n del conocido \u201cri\u00f1\u00f3n\u201d para mejorar la seguridad y el dise\u00f1o de la v\u00eda.<\/li>\n<\/ul>\n\n\n\n<p><strong>La seguridad vial, prioridad absoluta<\/strong><\/p>\n\n\n\n<p>Uno de los asuntos que m\u00e1s dudas generaba era la imposibilidad de crear un acceso directo hacia Bu\u00f1ol. Los responsables t\u00e9cnicos fueron firmes al respecto: la seguridad vial prevalece sobre cualquier intento de reducir tiempos de desplazamiento y no se autorizar\u00e1n actuaciones que puedan comprometerla.<\/p>\n\n\n\n<p>En este sentido, la propuesta del alcalde, Jes\u00fas Hig\u00f3n, para ejecutar una rotonda tampoco podr\u00e1 llevarse a cabo, ya que no cumple los criterios t\u00e9cnicos exigidos por la normativa, como visibilidad, velocidad de la v\u00eda, distancias y pendientes.<\/p>\n\n\n\n<p><strong>Regulaci\u00f3n semaf\u00f3rica y nuevas actuaciones en enero<\/strong><\/p>\n\n\n\n<p>Otro de los anuncios destacados fue la implantaci\u00f3n, a partir de enero, de una prueba piloto de regulaci\u00f3n mediante sem\u00e1foros en la traves\u00eda del municipio, debido al elevado volumen de tr\u00e1fico, que actualmente alcanza los 2.700 veh\u00edculos diarios.<\/p>\n\n\n\n<p>Asimismo, se anunci\u00f3 la construcci\u00f3n de un carril ciclopeatonal en el conocido \u201catajo de Macastre\u201d, donde la prioridad ser\u00e1 para peatones y bicicletas, con el objetivo de ofrecer un espacio m\u00e1s seguro y sostenible.<\/p>\n\n\n\n<p>Durante la reuni\u00f3n, tanto el Ayuntamiento como los asistentes plantearon numerosas preguntas, que fueron atendidas y aclaradas por los t\u00e9cnicos presentes.<\/p>\n\n\n\n<p>El Ayuntamiento de Alborache destac\u00f3 la importancia de este encuentro para garantizar que todas las actuaciones avancen con transparencia, rigor t\u00e9cnico y pensando en la seguridad de los vecinos.<\/p>\n\n\n\n<figure class=\"wp-block-gallery has-nested-images columns-2 is-cropped wp-block-gallery-1 is-layout-flex wp-block-gallery-is-layout-flex\">\n<figure class=\"wp-block-image size-large\"><img loading=\"lazy\" decoding=\"async\" width=\"1024\" height=\"691\" data-id=\"286974\" src=\"https:\/\/www.tucomarca.com\/wordpress\/segunda\/wp-content\/uploads\/2025\/12\/AlboracheCarrtera01-1024x691.jpg\" alt=\"\" class=\"wp-image-286974\" srcset=\"https:\/\/www.tucomarca.com\/wordpress\/segunda\/wp-content\/uploads\/2025\/12\/AlboracheCarrtera01-1024x691.jpg 1024w, https:\/\/www.tucomarca.com\/wordpress\/segunda\/wp-content\/uploads\/2025\/12\/AlboracheCarrtera01-300x202.jpg 300w, https:\/\/www.tucomarca.com\/wordpress\/segunda\/wp-content\/uploads\/2025\/12\/AlboracheCarrtera01-768x518.jpg 768w, https:\/\/www.tucomarca.com\/wordpress\/segunda\/wp-content\/uploads\/2025\/12\/AlboracheCarrtera01.jpg 1181w\" sizes=\"auto, (max-width: 1024px) 100vw, 1024px\" \/><\/figure>\n\n\n\n<figure class=\"wp-block-image size-large\"><img loading=\"lazy\" decoding=\"async\" width=\"1024\" height=\"691\" data-id=\"286972\" src=\"https:\/\/www.tucomarca.com\/wordpress\/segunda\/wp-content\/uploads\/2025\/12\/AlboracheCarrtera02-1024x691.jpg\" alt=\"\" class=\"wp-image-286972\" srcset=\"https:\/\/www.tucomarca.com\/wordpress\/segunda\/wp-content\/uploads\/2025\/12\/AlboracheCarrtera02-1024x691.jpg 1024w, https:\/\/www.tucomarca.com\/wordpress\/segunda\/wp-content\/uploads\/2025\/12\/AlboracheCarrtera02-300x202.jpg 300w, https:\/\/www.tucomarca.com\/wordpress\/segunda\/wp-content\/uploads\/2025\/12\/AlboracheCarrtera02-768x518.jpg 768w, https:\/\/www.tucomarca.com\/wordpress\/segunda\/wp-content\/uploads\/2025\/12\/AlboracheCarrtera02.jpg 1181w\" sizes=\"auto, (max-width: 1024px) 100vw, 1024px\" \/><\/figure>\n\n\n\n<figure class=\"wp-block-image size-large\"><img loading=\"lazy\" decoding=\"async\" width=\"1024\" height=\"691\" data-id=\"286976\" src=\"https:\/\/www.tucomarca.com\/wordpress\/segunda\/wp-content\/uploads\/2025\/12\/AlboracheCarrtera04-1024x691.jpg\" alt=\"\" class=\"wp-image-286976\" srcset=\"https:\/\/www.tucomarca.com\/wordpress\/segunda\/wp-content\/uploads\/2025\/12\/AlboracheCarrtera04-1024x691.jpg 1024w, https:\/\/www.tucomarca.com\/wordpress\/segunda\/wp-content\/uploads\/2025\/12\/AlboracheCarrtera04-300x202.jpg 300w, https:\/\/www.tucomarca.com\/wordpress\/segunda\/wp-content\/uploads\/2025\/12\/AlboracheCarrtera04-768x518.jpg 768w, https:\/\/www.tucomarca.com\/wordpress\/segunda\/wp-content\/uploads\/2025\/12\/AlboracheCarrtera04.jpg 1181w\" sizes=\"auto, (max-width: 1024px) 100vw, 1024px\" \/><\/figure>\n\n\n\n<figure class=\"wp-block-image size-large\"><img loading=\"lazy\" decoding=\"async\" width=\"1024\" height=\"691\" data-id=\"286978\" src=\"https:\/\/www.tucomarca.com\/wordpress\/segunda\/wp-content\/uploads\/2025\/12\/AlboracheCarrtera06-1024x691.jpg\" alt=\"\" class=\"wp-image-286978\" srcset=\"https:\/\/www.tucomarca.com\/wordpress\/segunda\/wp-content\/uploads\/2025\/12\/AlboracheCarrtera06-1024x691.jpg 1024w, https:\/\/www.tucomarca.com\/wordpress\/segunda\/wp-content\/uploads\/2025\/12\/AlboracheCarrtera06-300x202.jpg 300w, https:\/\/www.tucomarca.com\/wordpress\/segunda\/wp-content\/uploads\/2025\/12\/AlboracheCarrtera06-768x518.jpg 768w, https:\/\/www.tucomarca.com\/wordpress\/segunda\/wp-content\/uploads\/2025\/12\/AlboracheCarrtera06.jpg 1181w\" sizes=\"auto, (max-width: 1024px) 100vw, 1024px\" \/><\/figure>\n\n\n\n<figure class=\"wp-block-image size-large\"><img loading=\"lazy\" decoding=\"async\" width=\"1024\" height=\"691\" data-id=\"286968\" src=\"https:\/\/www.tucomarca.com\/wordpress\/segunda\/wp-content\/uploads\/2025\/12\/AlboracheCarrtera05-1024x691.jpg\" alt=\"\" class=\"wp-image-286968\" srcset=\"https:\/\/www.tucomarca.com\/wordpress\/segunda\/wp-content\/uploads\/2025\/12\/AlboracheCarrtera05-1024x691.jpg 1024w, https:\/\/www.tucomarca.com\/wordpress\/segunda\/wp-content\/uploads\/2025\/12\/AlboracheCarrtera05-300x202.jpg 300w, https:\/\/www.tucomarca.com\/wordpress\/segunda\/wp-content\/uploads\/2025\/12\/AlboracheCarrtera05-768x518.jpg 768w, https:\/\/www.tucomarca.com\/wordpress\/segunda\/wp-content\/uploads\/2025\/12\/AlboracheCarrtera05.jpg 1181w\" sizes=\"auto, (max-width: 1024px) 100vw, 1024px\" \/><\/figure>\n<\/figure>\n","protected":false},"excerpt":{"rendered":"<div class=\"mh-excerpt\">El Ayuntamiento de Alborache ha mantenido una reuni\u00f3n de trabajo con responsables t\u00e9cnicos del \u00e1rea de Carreteras para abordar el avance de diversos proyectos que afectan al municipio. Al encuentro, realizado el pasado jueves, 27 <a class=\"mh-excerpt-more\" href=\"https:\/\/www.tucomarca.com\/wordpress\/segunda\/alborache-avanza-en-las-obras-de-la-ciclopeatonal-tras-una-reunion-con-los-responsables-de-carreteras\/\" title=\"Alborache avanza en las obras de la ciclopeatonal tras una reuni\u00f3n con los responsables de Carreteras\">[+] <\/a><\/div>\n","protected":false},"author":12,"featured_media":286969,"comment_status":"open","ping_status":"open","sticky":false,"template":"","format":"gallery","meta":{"footnotes":""},"categories":[19,128,8,10,142,3],"tags":[10386,5952,15306],"class_list":{"0":"post-286953","1":"post","2":"type-post","3":"status-publish","4":"format-gallery","5":"has-post-thumbnail","7":"category-alborache","8":"category-infraestructuras","9":"category-la-comarca","10":"category-la-hoya","11":"category-politica-la-comarca","12":"category-seccion","13":"tag-alborache","14":"tag-la-hoya-de-bunol-chiva","15":"tag-via-ciclopeatonal","16":"post_format-post-format-gallery"},"_links":{"self":[{"href":"https:\/\/www.tucomarca.com\/wordpress\/segunda\/wp-json\/wp\/v2\/posts\/286953","targetHints":{"allow":["GET"]}}],"collection":[{"href":"https:\/\/www.tucomarca.com\/wordpress\/segunda\/wp-json\/wp\/v2\/posts"}],"about":[{"href":"https:\/\/www.tucomarca.com\/wordpress\/segunda\/wp-json\/wp\/v2\/types\/post"}],"author":[{"embeddable":true,"href":"https:\/\/www.tucomarca.com\/wordpress\/segunda\/wp-json\/wp\/v2\/users\/12"}],"replies":[{"embeddable":true,"href":"https:\/\/www.tucomarca.com\/wordpress\/segunda\/wp-json\/wp\/v2\/comments?post=286953"}],"version-history":[{"count":0,"href":"https:\/\/www.tucomarca.com\/wordpress\/segunda\/wp-json\/wp\/v2\/posts\/286953\/revisions"}],"wp:featuredmedia":[{"embeddable":true,"href":"https:\/\/www.tucomarca.com\/wordpress\/segunda\/wp-json\/wp\/v2\/media\/286969"}],"wp:attachment":[{"href":"https:\/\/www.tucomarca.com\/wordpress\/segunda\/wp-json\/wp\/v2\/media?parent=286953"}],"wp:term":[{"taxonomy":"category","embeddable":true,"href":"https:\/\/www.tucomarca.com\/wordpress\/segunda\/wp-json\/wp\/v2\/categories?post=286953"},{"taxonomy":"post_tag","embeddable":true,"href":"https:\/\/www.tucomarca.com\/wordpress\/segunda\/wp-json\/wp\/v2\/tags?post=286953"}],"curies":[{"name":"wp","href":"https:\/\/api.w.org\/{rel}","templated":true}]}}