{"id":287108,"date":"2025-12-03T10:00:00","date_gmt":"2025-12-03T09:00:00","guid":{"rendered":"https:\/\/www.tucomarca.com\/wordpress\/segunda\/?p=287108"},"modified":"2025-12-03T19:34:46","modified_gmt":"2025-12-03T18:34:46","slug":"sanidad-incorpora-atencion-pediatrica-en-el-consultorio-auxiliar-de-loriguilla","status":"publish","type":"post","link":"https:\/\/www.tucomarca.com\/wordpress\/segunda\/sanidad-incorpora-atencion-pediatrica-en-el-consultorio-auxiliar-de-loriguilla\/","title":{"rendered":"Sanidad incorpora atenci\u00f3n pedi\u00e1trica en el Consultorio Auxiliar de Loriguilla"},"content":{"rendered":"\n<h3 class=\"wp-block-heading\">La medida, que da respuesta a una reivindicaci\u00f3n hist\u00f3rica del municipio, refuerza la accesibilidad y la continuidad asistencial de todos los ni\u00f1os y ni\u00f1as de la localidad.<\/h3>\n\n\n\n<p>El Consultorio Auxiliar de Loriguilla contar\u00e1 con un pediatra de forma estable a partir del pr\u00f3ximo mes de enero, una incorporaci\u00f3n que da respuesta a una reivindicaci\u00f3n hist\u00f3rica del municipio y las familias durante m\u00e1s de ocho a\u00f1os sin este servicio. La medida es un avance significativo que refuerza la atenci\u00f3n pedi\u00e1trica y contribuye a garantizar la accesibilidad y la continuidad asistencial en la localidad.<\/p>\n\n\n\n<p>La llegada del nuevo especialista en Pediatr\u00eda ampliar\u00e1 la cartera asistencial del consultorio, reduciendo desplazamientos innecesarios y reforzando el seguimiento cl\u00ednico de los menores.<\/p>\n\n\n\n<p>Este avance se enmarca en el compromiso de Sanidad por fortalecer la atenci\u00f3n primaria y ajustar los recursos a las necesidades reales de cada poblaci\u00f3n.<\/p>\n\n\n\n<p>A este respecto, la direcci\u00f3n de Atenci\u00f3n Primaria del Departamento de Salud de Manises, M\u00aa Carmen Valdivieso destaca que la medida \u00abresponde a una necesidad sostenida durante a\u00f1os; adem\u00e1s de ser un paso decisivo para ofrecer una atenci\u00f3n m\u00e1s equitativa y cercana a las familias del municipio\u00bb.<br>Con esta actuaci\u00f3n, el Departamento de Salud de Manises reafirma su voluntad de mantener un modelo asistencial pr\u00f3ximo, participativo y ajustado a la realidad de cada territorio, en l\u00ednea con los valores del plan estrat\u00e9gico departamental.<\/p>\n\n\n\n<p>Actualmente, el Hospital Universitario de Manises es parte del Departamento de Salud de Manises que da cobertura y asistencia sanitaria, tanto ambulatoria como domiciliaria a m\u00e1s de 216.000 personas de 14 localidades a trav\u00e9s del propio hospital de Manises, 9 centros de salud, 11 consultorios auxiliares, 2 centros de especialidades, 1 centro de salud integrado, el Hospital de Agudos de Manises y el Hospital de Cr\u00f3nicos de Mislata.<\/p>\n","protected":false},"excerpt":{"rendered":"<div class=\"mh-excerpt\">La medida, que da respuesta a una reivindicaci\u00f3n hist\u00f3rica del municipio, refuerza la accesibilidad y la continuidad asistencial de todos los ni\u00f1os y ni\u00f1as de la localidad. El Consultorio Auxiliar de Loriguilla contar\u00e1 con un <a class=\"mh-excerpt-more\" href=\"https:\/\/www.tucomarca.com\/wordpress\/segunda\/sanidad-incorpora-atencion-pediatrica-en-el-consultorio-auxiliar-de-loriguilla\/\" title=\"Sanidad incorpora atenci\u00f3n pedi\u00e1trica en el Consultorio Auxiliar de Loriguilla\">[+] <\/a><\/div>\n","protected":false},"author":12,"featured_media":287110,"comment_status":"open","ping_status":"open","sticky":false,"template":"","format":"standard","meta":{"footnotes":""},"categories":[46,119,128,8,178,142,3,45],"tags":[10395,11478,10434],"class_list":{"0":"post-287108","1":"post","2":"type-post","3":"status-publish","4":"format-standard","5":"has-post-thumbnail","7":"category-camp-de-turia","8":"category-sanidad-la-comarca","9":"category-infraestructuras","10":"category-la-comarca","11":"category-loriguilla","12":"category-politica-la-comarca","13":"category-seccion","14":"category-ventana","15":"tag-camp-de-turia","16":"tag-departamento-de-salud-de-manises","17":"tag-loriguilla"},"_links":{"self":[{"href":"https:\/\/www.tucomarca.com\/wordpress\/segunda\/wp-json\/wp\/v2\/posts\/287108","targetHints":{"allow":["GET"]}}],"collection":[{"href":"https:\/\/www.tucomarca.com\/wordpress\/segunda\/wp-json\/wp\/v2\/posts"}],"about":[{"href":"https:\/\/www.tucomarca.com\/wordpress\/segunda\/wp-json\/wp\/v2\/types\/post"}],"author":[{"embeddable":true,"href":"https:\/\/www.tucomarca.com\/wordpress\/segunda\/wp-json\/wp\/v2\/users\/12"}],"replies":[{"embeddable":true,"href":"https:\/\/www.tucomarca.com\/wordpress\/segunda\/wp-json\/wp\/v2\/comments?post=287108"}],"version-history":[{"count":0,"href":"https:\/\/www.tucomarca.com\/wordpress\/segunda\/wp-json\/wp\/v2\/posts\/287108\/revisions"}],"wp:featuredmedia":[{"embeddable":true,"href":"https:\/\/www.tucomarca.com\/wordpress\/segunda\/wp-json\/wp\/v2\/media\/287110"}],"wp:attachment":[{"href":"https:\/\/www.tucomarca.com\/wordpress\/segunda\/wp-json\/wp\/v2\/media?parent=287108"}],"wp:term":[{"taxonomy":"category","embeddable":true,"href":"https:\/\/www.tucomarca.com\/wordpress\/segunda\/wp-json\/wp\/v2\/categories?post=287108"},{"taxonomy":"post_tag","embeddable":true,"href":"https:\/\/www.tucomarca.com\/wordpress\/segunda\/wp-json\/wp\/v2\/tags?post=287108"}],"curies":[{"name":"wp","href":"https:\/\/api.w.org\/{rel}","templated":true}]}}