{"id":287136,"date":"2025-12-04T11:30:00","date_gmt":"2025-12-04T10:30:00","guid":{"rendered":"https:\/\/www.tucomarca.com\/wordpress\/segunda\/?p=287136"},"modified":"2025-12-04T15:24:37","modified_gmt":"2025-12-04T14:24:37","slug":"el-president-de-la-generalitat-se-reune-con-los-miembros-de-su-consell","status":"publish","type":"post","link":"https:\/\/www.tucomarca.com\/wordpress\/segunda\/el-president-de-la-generalitat-se-reune-con-los-miembros-de-su-consell\/","title":{"rendered":"El president de la Generalitat se re\u00fane con los miembros de su Consell"},"content":{"rendered":"\n<h3 class=\"wp-block-heading\">P\u00e9rez Llorca ha mantenido una primera ronda de contactos con los vicepresidentes y consellers de su nuevo gabinete para analizar las l\u00edneas estrat\u00e9gicas de cada conselleria.<\/h3>\n\n\n\n<p>El president de la Generalitat, Juanfran P\u00e9rez Llorca, ha mantenido una ronda de reuniones con cada uno de los miembros de su Consell tras anunciar la composici\u00f3n del Gobierno valenciano.<\/p>\n\n\n\n<p>P\u00e9rez Llorca se ha reunido con el nuevo conseller de Econom\u00eda, Hacienda y Administraci\u00f3n P\u00fablica, Jos\u00e9 Antonio Rovira, que asume tambi\u00e9n las competencias de Simplificaci\u00f3n Administrativa.<\/p>\n\n\n\n<p>Esta ronda de contactos ha continuado esta tarde con la reuni\u00f3n con la vicepresidenta primera y consellera de Vivienda, Empleo, Juventud e Igualdad, Susana Camarero.&nbsp;<\/p>\n\n\n\n<p>Posteriormente, P\u00e9rez Llorca se ha reunido con el vicepresidente tercero y conseller de Medio Ambiente, Infraestructuras, Territorio y de la Recuperaci\u00f3n, Vicente Mart\u00ednez Mus, que recupera las competencias en materia de Energ\u00eda.<\/p>\n\n\n\n<p>Asimismo, el president de la Generalitat ha recibido al conseller de Sanidad, Marciano G\u00f3mez, y despu\u00e9s a la titular de la nueva Conselleria de Servicios Sociales, Familia e Infancia, Elena Albalat. Tambi\u00e9n se ha reunido con el conseller de Emergencia e Interior, Juan Carlos Valderrama.<\/p>\n\n\n\n<p>Igualmente, P\u00e9rez Llorca ha mantenido sendos encuentros con el nuevo portavoz y conseller de Agricultura, Agua, Ganader\u00eda y Pesca, Miguel Barrachina y con la consellera de Justicia, Transparencia y Participaci\u00f3n, Nuria Mart\u00ednez.<\/p>\n\n\n\n<p>Por \u00faltimo, el president se ha reunido con la consellera de Educaci\u00f3n, Cultura y Universidades, Mar\u00eda del Carmen Ort\u00ed, y ha cerrado esta primera ronda de contactos con la reuni\u00f3n con la consellera de Industria, Turismo, Innovaci\u00f3n y Comercio, Mari\u00e1n Cano y con el vicepresidente segundo y conseller de Presidencia, Jos\u00e9 D\u00edez.<\/p>\n","protected":false},"excerpt":{"rendered":"<div class=\"mh-excerpt\">P\u00e9rez Llorca ha mantenido una primera ronda de contactos con los vicepresidentes y consellers de su nuevo gabinete para analizar las l\u00edneas estrat\u00e9gicas de cada conselleria. El president de la Generalitat, Juanfran P\u00e9rez Llorca, ha <a class=\"mh-excerpt-more\" href=\"https:\/\/www.tucomarca.com\/wordpress\/segunda\/el-president-de-la-generalitat-se-reune-con-los-miembros-de-su-consell\/\" title=\"El president de la Generalitat se re\u00fane con los miembros de su Consell\">[+] <\/a><\/div>\n","protected":false},"author":12,"featured_media":287155,"comment_status":"open","ping_status":"open","sticky":false,"template":"","format":"standard","meta":{"footnotes":""},"categories":[128,8,72,142,3,45],"tags":[10716,23465],"class_list":{"0":"post-287136","1":"post","2":"type-post","3":"status-publish","4":"format-standard","5":"has-post-thumbnail","7":"category-infraestructuras","8":"category-la-comarca","9":"category-sin-categorizar","10":"category-politica-la-comarca","11":"category-seccion","12":"category-ventana","13":"tag-generalitat-valenciana","14":"tag-juanfran-perez-llorca"},"_links":{"self":[{"href":"https:\/\/www.tucomarca.com\/wordpress\/segunda\/wp-json\/wp\/v2\/posts\/287136","targetHints":{"allow":["GET"]}}],"collection":[{"href":"https:\/\/www.tucomarca.com\/wordpress\/segunda\/wp-json\/wp\/v2\/posts"}],"about":[{"href":"https:\/\/www.tucomarca.com\/wordpress\/segunda\/wp-json\/wp\/v2\/types\/post"}],"author":[{"embeddable":true,"href":"https:\/\/www.tucomarca.com\/wordpress\/segunda\/wp-json\/wp\/v2\/users\/12"}],"replies":[{"embeddable":true,"href":"https:\/\/www.tucomarca.com\/wordpress\/segunda\/wp-json\/wp\/v2\/comments?post=287136"}],"version-history":[{"count":0,"href":"https:\/\/www.tucomarca.com\/wordpress\/segunda\/wp-json\/wp\/v2\/posts\/287136\/revisions"}],"wp:featuredmedia":[{"embeddable":true,"href":"https:\/\/www.tucomarca.com\/wordpress\/segunda\/wp-json\/wp\/v2\/media\/287155"}],"wp:attachment":[{"href":"https:\/\/www.tucomarca.com\/wordpress\/segunda\/wp-json\/wp\/v2\/media?parent=287136"}],"wp:term":[{"taxonomy":"category","embeddable":true,"href":"https:\/\/www.tucomarca.com\/wordpress\/segunda\/wp-json\/wp\/v2\/categories?post=287136"},{"taxonomy":"post_tag","embeddable":true,"href":"https:\/\/www.tucomarca.com\/wordpress\/segunda\/wp-json\/wp\/v2\/tags?post=287136"}],"curies":[{"name":"wp","href":"https:\/\/api.w.org\/{rel}","templated":true}]}}