{"id":287156,"date":"2025-12-04T11:00:00","date_gmt":"2025-12-04T10:00:00","guid":{"rendered":"https:\/\/www.tucomarca.com\/wordpress\/segunda\/?p=287156"},"modified":"2025-12-04T14:58:30","modified_gmt":"2025-12-04T13:58:30","slug":"dia-de-tierra-bobal-seis-anos-de-identidad-compartida","status":"publish","type":"post","link":"https:\/\/www.tucomarca.com\/wordpress\/segunda\/dia-de-tierra-bobal-seis-anos-de-identidad-compartida\/","title":{"rendered":"D\u00eda de Tierra Bobal, seis a\u00f1os de identidad compartida"},"content":{"rendered":"\n<h3 class=\"wp-block-heading\">Tierra Bobal celebra su sexto aniversario con una programaci\u00f3n especial del 12 al 14 de diciembre. Programaci\u00f3n amplia que incluye rutas patrimoniales, senderismo y actividades de naturaleza, experiencias de ecoturismo, visitas a bodegas y catas guiadas, propuestas culturales, experiencias gastron\u00f3micas, ofertas y estancias especiales.<\/h3>\n\n\n\n<p>Del 12 al 14 de diciembre de 2025 celebramos seis a\u00f1os de vida de la marca de destino tur\u00edstico <strong>Tierra Bobal<\/strong>, una marca que va mucho m\u00e1s all\u00e1 de un destino tur\u00edstico y que poco a poco se va consolidando como un proyecto que une enoturismo, patrimonio natural, historia, gastronom\u00eda y turismo sostenible de los nueve municipios que la componen, Camporrobles, Caudete de las Fuentes, Chera, Fuenterrobles, Sinarcas, Requena, Utiel, Venta del Moro y Villargordo del Cabriel.<\/p>\n\n\n\n<p>Desde su creaci\u00f3n en 2019, la marca ha logrado posicionar el territorio como un destino aut\u00e9ntico y diverso, con una cultura del vino asentada en sus m\u00e1s de 2.500 a\u00f1os de historia, paisajes singulares y una identidad compartida que sigue creciendo. Un proyecto com\u00fan que une paisajes y personas, organizaciones y empresas, bajo un mismo proyecto de territorio, construido con vocaci\u00f3n de futuro, enraizado en el pasado y abierto a todos.<\/p>\n\n\n\n<p>Durante este D\u00eda tan especial, abrimos nuestras puertas, rutas y espacios: convocamos a vecinos y visitantes a descubrir, disfrutar y celebrar nuestra Tierra Bobal y a celebrar nuestra identidad com\u00fan a trav\u00e9s de programaci\u00f3n especial que podr\u00e1s consultar con detalle en <a href=\"http:\/\/www.tierrabobal.es\">www.tierrabobal.es<\/a> &nbsp;<\/p>\n\n\n\n<h3 class=\"wp-block-heading\">13 de diciembre: D\u00eda de Tierra Bobal en Camporrobles<\/h3>\n\n\n\n<p>El s\u00e1bado 13 de diciembre se celebra el D\u00eda de Tierra Bobal, la jornada central del aniversario. Ser\u00e1 un encuentro abierto que combina actividades culturales, divulgativas y participativas, con el objetivo de dar visibilidad al trabajo conjunto desarrollado y reforzar la identidad territorial.<\/p>\n\n\n\n<p>La asistencia es gratuita, con <strong>aforo limitado e <\/strong><a href=\"https:\/\/docs.google.com\/forms\/d\/e\/1FAIpQLScHe4W_s9Czf8rctSOS_T8OwwA20wfonee8UvnyP23pvxvbXA\/viewform?usp=send_form\"><strong>inscripci\u00f3n previa.<\/strong><\/a><\/p>\n\n\n\n<p><strong><em>Programa del 13 de diciembre<\/em><\/strong><\/p>\n\n\n\n<p><strong>10 horas |<\/strong> Visita al Centro de Interpretaci\u00f3n de El Mol\u00f3n de Camporrobles<\/p>\n\n\n\n<p><strong>11:30 horas<\/strong> | Jornada de Sensibilizaci\u00f3n Tierra Bobal: El Turismo como motor de desarrollo sostenible de la comarca<\/p>\n\n\n\n<p>Mesa redonda<strong><em>: \u201cMiradas externas que impulsan: el valor de Tierra Bobal como destino\u201d.<\/em><\/strong><\/p>\n\n\n\n<p>Mesa redonda: <strong><em>\u201cMiradas internas que consolidan: la transformaci\u00f3n participada de Tierra Bobal\u201d.<\/em><\/strong><\/p>\n\n\n\n<p><strong>14 horas<\/strong> | Ofrenda celt\u00edbera a cargo de la Asociaci\u00f3n Hist\u00f3rico Cultural H\u00e9roes del Tollo<\/p>\n\n\n\n<p><strong>14:30 horas<\/strong> | Espacio para el encuentro y el di\u00e1logo entre los asistentes, con m\u00fasica y gastronom\u00eda local<\/p>\n\n\n\n<h3 class=\"wp-block-heading\">Programaci\u00f3n del 12 al 14 de diciembre: Experiencias Tierra Bobal<\/h3>\n\n\n\n<p>A lo largo de tres d\u00edas, ayuntamientos, entidades y empresas del territorio ofrecer\u00e1n una <strong>programaci\u00f3n amplia<\/strong> que incluye: <strong>rutas patrimoniales, senderismo y actividades de naturaleza, experiencias de ecoturismo, visitas a bodegas y catas guiadas, propuestas culturales, experiencias gastron\u00f3micas, ofertas y estancias especiales.<\/strong><\/p>\n\n\n\n<p>Una oportunidad para descubrir, disfrutar y celebrar todo lo que Tierra Bobal representa.<\/p>\n\n\n\n<p><em><strong>Tierra Bobal, seis a\u00f1os creciendo como territorio. Desc\u00fabrela. Disfr\u00fatala. Cel\u00e9brala.<\/strong><\/em><\/p>\n\n\n\n<p>Esta acci\u00f3n forma parte del Plan de Sostenibilidad Tur\u00edstica en Destino Tierra Bobal financiado por el Plan de Recuperaci\u00f3n, Transformaci\u00f3n y Resiliencia de la Uni\u00f3n Europea \u2013 NextGenerationEU, en concreto del eje program\u00e1tico \u201cCompetitividad\u201d, y dentro de acci\u00f3n denominada <strong>\u201cSensibilizaci\u00f3n Tur\u00edstica\u201d,<\/strong> cuyo objetivo es desarrollar campa\u00f1as de sensibilizaci\u00f3n para generar actitudes positivas frente al turismo, acciones de fomento del conocimiento del destino, jornadas formativas y visitas a espacios emblem\u00e1ticos as\u00ed como&nbsp; la realizaci\u00f3n de <strong>una jornada l\u00fadica anual de Tierra Bobal con actividades en todos los municipios.<\/strong><\/p>\n","protected":false},"excerpt":{"rendered":"<div class=\"mh-excerpt\">Tierra Bobal celebra su sexto aniversario con una programaci\u00f3n especial del 12 al 14 de diciembre. Programaci\u00f3n amplia que incluye rutas patrimoniales, senderismo y actividades de naturaleza, experiencias de ecoturismo, visitas a bodegas y catas <a class=\"mh-excerpt-more\" href=\"https:\/\/www.tucomarca.com\/wordpress\/segunda\/dia-de-tierra-bobal-seis-anos-de-identidad-compartida\/\" title=\"D\u00eda de Tierra Bobal, seis a\u00f1os de identidad compartida\">[+] <\/a><\/div>\n","protected":false},"author":12,"featured_media":287159,"comment_status":"open","ping_status":"open","sticky":false,"template":"","format":"standard","meta":{"footnotes":""},"categories":[4,236,113,37,138,139,8,7,28,27,3,235,29,234,45],"tags":[12385,10387,12386],"class_list":{"0":"post-287156","1":"post","2":"type-post","3":"status-publish","4":"format-standard","5":"has-post-thumbnail","7":"category-agenda","8":"category-camporrobles","9":"category-vinos","10":"category-caudete","11":"category-chera","12":"category-fuenterrobles","13":"category-la-comarca","14":"category-ocio-y-cultura","15":"category-requena","16":"category-requena-utiel","17":"category-seccion","18":"category-sinarcas","19":"category-utiel","20":"category-venta-del-moro","21":"category-ventana","22":"tag-mancomunidad-del-interior-tierra-del-vino","23":"tag-requena-utiel","24":"tag-tierra-bobal"},"_links":{"self":[{"href":"https:\/\/www.tucomarca.com\/wordpress\/segunda\/wp-json\/wp\/v2\/posts\/287156","targetHints":{"allow":["GET"]}}],"collection":[{"href":"https:\/\/www.tucomarca.com\/wordpress\/segunda\/wp-json\/wp\/v2\/posts"}],"about":[{"href":"https:\/\/www.tucomarca.com\/wordpress\/segunda\/wp-json\/wp\/v2\/types\/post"}],"author":[{"embeddable":true,"href":"https:\/\/www.tucomarca.com\/wordpress\/segunda\/wp-json\/wp\/v2\/users\/12"}],"replies":[{"embeddable":true,"href":"https:\/\/www.tucomarca.com\/wordpress\/segunda\/wp-json\/wp\/v2\/comments?post=287156"}],"version-history":[{"count":0,"href":"https:\/\/www.tucomarca.com\/wordpress\/segunda\/wp-json\/wp\/v2\/posts\/287156\/revisions"}],"wp:featuredmedia":[{"embeddable":true,"href":"https:\/\/www.tucomarca.com\/wordpress\/segunda\/wp-json\/wp\/v2\/media\/287159"}],"wp:attachment":[{"href":"https:\/\/www.tucomarca.com\/wordpress\/segunda\/wp-json\/wp\/v2\/media?parent=287156"}],"wp:term":[{"taxonomy":"category","embeddable":true,"href":"https:\/\/www.tucomarca.com\/wordpress\/segunda\/wp-json\/wp\/v2\/categories?post=287156"},{"taxonomy":"post_tag","embeddable":true,"href":"https:\/\/www.tucomarca.com\/wordpress\/segunda\/wp-json\/wp\/v2\/tags?post=287156"}],"curies":[{"name":"wp","href":"https:\/\/api.w.org\/{rel}","templated":true}]}}