{"id":287261,"date":"2025-12-04T13:45:00","date_gmt":"2025-12-04T12:45:00","guid":{"rendered":"https:\/\/www.tucomarca.com\/wordpress\/segunda\/?p=287261"},"modified":"2025-12-04T22:40:00","modified_gmt":"2025-12-04T21:40:00","slug":"los-miembros-del-nuevo-consell-asumen-las-nuevas-competencias-en-el-gobierno-valenciano","status":"publish","type":"post","link":"https:\/\/www.tucomarca.com\/wordpress\/segunda\/los-miembros-del-nuevo-consell-asumen-las-nuevas-competencias-en-el-gobierno-valenciano\/","title":{"rendered":"Los miembros del nuevo Consell asumen las nuevas competencias en el Gobierno valenciano"},"content":{"rendered":"\n<h3 class=\"wp-block-heading\">Jos\u00e9 D\u00edez brinda su colaboraci\u00f3n para facilitar el trabajo y coordinar al resto de componentes del Consell.<\/h3>\n\n\n\n<h3 class=\"wp-block-heading\">Susana Camarero \u00a0se\u00f1ala que su nueva \u00e1rea que recoge el gran reto de integrar y dar coherencia las pol\u00edticas esenciales de vivienda, empleo, juventud e igualdad.<\/h3>\n\n\n\n<h3 class=\"wp-block-heading\">Jos\u00e9 Antonio Rovira trabajar\u00e1 por la renovaci\u00f3n del sistema de financiaci\u00f3n auton\u00f3mica, Elena Abalat centrar\u00e1 sus actuaciones en el apoyo a las familias y por las personas mayores, y Carmen Ort\u00ed gestionar\u00e1 que alumnado tenga el acceso a la educaci\u00f3n en las mejores garant\u00edas posibles.<\/h3>\n\n\n\n<p>Los miembros del Consell, que esta ma\u00f1ana han asumido nuevas competencias en el Gobierno valenciano, han realizado del traspaso de carteras en un acto conjunto en el Centro Administrativo 9 d\u2019Octubre.&nbsp;<\/p>\n\n\n\n<p>El conseller de Econom\u00eda, Hacienda y Administraci\u00f3n P\u00fablica, Jos\u00e9 Antonio Rovira ha recibido la cartera de la exconsellera Ruth Merino; la vicepresidenta Susana Camarero ha entregado las competencias de Servicios Sociales a Elena Albalat y las conselleras de Educaci\u00f3n, Carmen Ort\u00ed y la vicepresidenta Susana Camarero, han recibido del conseller Rovira las \u00e1reas de Educaci\u00f3n, Cultura y Universidades y de Empleo, respectivamente.&nbsp;<\/p>\n\n\n\n<p>El vicepresidente segundo y conseller de Presidencia, Jos\u00e9 D\u00edez, que ha dirigido el acto de traspaso de competencias, ha asegurado que la experiencia adquirida durante estos dos a\u00f1os como director general de Proyectos Estrat\u00e9gicos es la base del futuro trabajo que va a desempe\u00f1ar en sus nuevas responsabilidades. En este sentido, ha mostrado su disposici\u00f3n a todos los miembros del Consell a los que ha brindado su colaboraci\u00f3n para facilitar el trabajo y que las gestiones que se desarrollen \u201csean m\u00e1s f\u00e1ciles y tengan sentido\u201d.&nbsp;<\/p>\n\n\n\n<p>La vicepresidenta primera, Susana Camarero, &nbsp;ha destacado el trabajo que se est\u00e1 realizando est\u00e1 permitiendo \u201cpasar de las palabras a los hechos, con m\u00e1s vivienda protegida, m\u00e1s ayudas y m\u00e1s soluciones reales para las familias.\u201d. Una labor que contin\u00faa ahora -ha resaltado- desde \u201cuna nueva \u00e1rea que recoge algunos de los mayores retos de la sociedad, uniendo vivienda, empleo, juventud e igualdad para integrar y dar coherencia a pol\u00edticas esenciales y conectadas: un empleo digno que permita acceder a una vivienda, la vivienda como base de un proyecto vital y la igualdad como deber moral en toda la acci\u00f3n de gobierno\u201d, ha puntualizado.&nbsp;<\/p>\n\n\n\n<p>Tambi\u00e9n &nbsp;ha subrayado que \u201cla vivienda seguir\u00e1 siendo la prioridad absoluta y la juventud estar\u00e1 en el centro de todas las pol\u00edticas\u201d, porque \u201cel primer paso de cualquier proyecto vital es tener un hogar\u201d y \u201cqueremos que nuestros j\u00f3venes puedan construir su futuro aqu\u00ed\u201d.<\/p>\n\n\n\n<p>El nuevo conseller de Econom\u00eda, Hacienda y Administraci\u00f3n P\u00fablica, Jos\u00e9 Antonio Rovira, ha afirmado que uno de sus principales objetivos \u201cser\u00e1 trabajar en defensa de la renovaci\u00f3n del sistema de financiaci\u00f3n auton\u00f3mica, que de una vez debe reconocer el derecho de todos los valencianos a percibir los mismos recursos en igualdad de condiciones\u201d. \u201cEs de justicia para esta tierra y desde el Gobierno valenciano lo vamos a exigir y a reclamar como corresponde\u201d, ha se\u00f1alado.<\/p>\n\n\n\n<p>En ese sentido, ha anunciado que trasladar\u00e1 a la ministra M\u00aa Jes\u00fas Montero \u201cla necesidad de mantener una reuni\u00f3n para tratar estos asuntos y otros de urgente necesidad, como el Fondo de Liquidez Auton\u00f3mico o la Financiaci\u00f3n del Presupuesto DANA para el pr\u00f3ximo a\u00f1o 2026\u201d.<\/p>\n\n\n\n<p>Adem\u00e1s, Rovira ha destacado que se mantiene y refuerza el \u00e1rea de econom\u00eda y fondos europeos con una nueva cartera de simplificaci\u00f3n administrativa y ha se\u00f1alado que continuar\u00e1 \u201ccon la labor de eficiencia en el gasto p\u00fablico, as\u00ed como con la rebaja de impuestos y las deducciones fiscales\u201d.<\/p>\n\n\n\n<p>Por su parte, la nueva consellera de Educaci\u00f3n, Cultura y Universidades, Carmen Ort\u00ed, ha se\u00f1alado que asume la cartera \u201ccon ilusi\u00f3n y ganas de hacer un buen trabajo\u201d y ha tenido unas palabras de agradecimiento para \u201clos profesionales que todos los d\u00edas abren los centros educativos y las universidades y trabajan para conseguir que el alumnado tenga acceso a la educaci\u00f3n en las mejores garant\u00edas posibles\u201d. Ort\u00ed ha se\u00f1alado que la cultura, la educaci\u00f3n y la universidad \u00abson los pilares fundamentales en una sociedad basada en la libertad y los valores democr\u00e1ticos\u00bb.<\/p>\n\n\n\n<p>La nueva consellera de Servicios Sociales, Familia e Infancia, Elena Albalat, ha asumido la responsabilidad de dirigir el departamento con \u201corgullo y una profunda responsabilidad\u201d, durante el traspaso de cartera de manos de la anterior titular, Susana Camarero, a quien ha agradecido su labor y los avances consolidados en estos dos \u00faltimos a\u00f1os.<\/p>\n\n\n\n<p>En su intervenci\u00f3n, Albalat ha subrayado que inicia esta etapa bajo la premisa de \u201cservir para mejorar la vida de las personas porque esa es la esencia de esta Conselleria: escuchar y actuar siempre pensando en la ciudadan\u00eda\u201d.<\/p>\n\n\n\n<p>Asimismo, ha defendido que las pol\u00edticas sociales \u201csolo tienen sentido cuando transforman realidades\u201d, y ha marcado como ejes prioritarios el apoyo a las familias, la protecci\u00f3n a la infancia, la atenci\u00f3n a las personas mayores, el impulso de los derechos y oportunidades de las personas con discapacidad y el refuerzo del voluntariado.<\/p>\n\n\n\n<p>En el acto han estado acompa\u00f1ados del vicepresidente tercero y conseller de Medio Ambiente, Infraestructuras, Territorio y de la Recuperaci\u00f3n, Vicente Mart\u00ednez Mus; el conseller de Sanidad, Marciano G\u00f3mez; la consellera de Justicia, Transparencia y Participaci\u00f3n, Nuria Mart\u00ednez; el conseller de Emergencias e Interior; &nbsp;Juan Carlos Valderrama y la consellera de Industria, Turismo, Innovaci\u00f3n y Comercio, Marian Cano.<\/p>\n","protected":false},"excerpt":{"rendered":"<div class=\"mh-excerpt\">Jos\u00e9 D\u00edez brinda su colaboraci\u00f3n para facilitar el trabajo y coordinar al resto de componentes del Consell. Susana Camarero \u00a0se\u00f1ala que su nueva \u00e1rea que recoge el gran reto de integrar y dar coherencia las <a class=\"mh-excerpt-more\" href=\"https:\/\/www.tucomarca.com\/wordpress\/segunda\/los-miembros-del-nuevo-consell-asumen-las-nuevas-competencias-en-el-gobierno-valenciano\/\" title=\"Los miembros del nuevo Consell asumen las nuevas competencias en el Gobierno valenciano\">[+] <\/a><\/div>\n","protected":false},"author":1,"featured_media":287262,"comment_status":"open","ping_status":"open","sticky":false,"template":"","format":"standard","meta":{"footnotes":""},"categories":[128,8,72,117,142,3,116,45],"tags":[2163,10716,2142],"class_list":{"0":"post-287261","1":"post","2":"type-post","3":"status-publish","4":"format-standard","5":"has-post-thumbnail","7":"category-infraestructuras","8":"category-la-comarca","9":"category-sin-categorizar","10":"category-medio-ambiente-la-comarca","11":"category-politica-la-comarca","12":"category-seccion","13":"category-sucesos-la-comarca","14":"category-ventana","15":"tag-consell","16":"tag-generalitat-valenciana","17":"tag-la-comunitat"},"_links":{"self":[{"href":"https:\/\/www.tucomarca.com\/wordpress\/segunda\/wp-json\/wp\/v2\/posts\/287261","targetHints":{"allow":["GET"]}}],"collection":[{"href":"https:\/\/www.tucomarca.com\/wordpress\/segunda\/wp-json\/wp\/v2\/posts"}],"about":[{"href":"https:\/\/www.tucomarca.com\/wordpress\/segunda\/wp-json\/wp\/v2\/types\/post"}],"author":[{"embeddable":true,"href":"https:\/\/www.tucomarca.com\/wordpress\/segunda\/wp-json\/wp\/v2\/users\/1"}],"replies":[{"embeddable":true,"href":"https:\/\/www.tucomarca.com\/wordpress\/segunda\/wp-json\/wp\/v2\/comments?post=287261"}],"version-history":[{"count":0,"href":"https:\/\/www.tucomarca.com\/wordpress\/segunda\/wp-json\/wp\/v2\/posts\/287261\/revisions"}],"wp:featuredmedia":[{"embeddable":true,"href":"https:\/\/www.tucomarca.com\/wordpress\/segunda\/wp-json\/wp\/v2\/media\/287262"}],"wp:attachment":[{"href":"https:\/\/www.tucomarca.com\/wordpress\/segunda\/wp-json\/wp\/v2\/media?parent=287261"}],"wp:term":[{"taxonomy":"category","embeddable":true,"href":"https:\/\/www.tucomarca.com\/wordpress\/segunda\/wp-json\/wp\/v2\/categories?post=287261"},{"taxonomy":"post_tag","embeddable":true,"href":"https:\/\/www.tucomarca.com\/wordpress\/segunda\/wp-json\/wp\/v2\/tags?post=287261"}],"curies":[{"name":"wp","href":"https:\/\/api.w.org\/{rel}","templated":true}]}}