{"id":287342,"date":"2025-12-06T12:00:00","date_gmt":"2025-12-06T11:00:00","guid":{"rendered":"https:\/\/www.tucomarca.com\/wordpress\/segunda\/?p=287342"},"modified":"2025-12-09T10:48:46","modified_gmt":"2025-12-09T09:48:46","slug":"perez-llorca-apela-al-espiritu-de-dialogo-consenso-y-entendimiento-de-la-carta-magna-para-avanzar-en-la-reconstruccion-de-la-comunitat-valenciana","status":"publish","type":"post","link":"https:\/\/www.tucomarca.com\/wordpress\/segunda\/perez-llorca-apela-al-espiritu-de-dialogo-consenso-y-entendimiento-de-la-carta-magna-para-avanzar-en-la-reconstruccion-de-la-comunitat-valenciana\/","title":{"rendered":"P\u00e9rez Llorca apela al esp\u00edritu de \u201cdi\u00e1logo, consenso y entendimiento\u201d de la Carta Magna para avanzar en la reconstrucci\u00f3n de la Comunitat Valenciana"},"content":{"rendered":"\n<h3 class=\"wp-block-heading\">El jefe del Consell incide en la colaboraci\u00f3n entre todas las administraciones para afrontar la recuperaci\u00f3n social y econ\u00f3mica y avanza que la Generalitat y el Gobierno de Espa\u00f1a \u201cest\u00e1n a punto de fijar fecha para una reuni\u00f3n\u201d.<\/h3>\n\n\n\n<h3 class=\"wp-block-heading\">El president de la Generalitat ha asistido en el Congreso de los Diputados al acto conmemorativo con motivo del D\u00eda de la Constituci\u00f3n.<\/h3>\n\n\n\n<p>El president de la Generalitat, Juanfran P\u00e9rez Llorca, ha apelado al esp\u00edritu de \u201cdi\u00e1logo, consenso y entendimiento\u201d de la Carta Magna para seguir &nbsp;avanzando en la reconstrucci\u00f3n de la Comunitat Valenciana tras las riadas de 2024.&nbsp;<\/p>\n\n\n\n<p>As\u00ed lo ha indicado en declaraciones a los medios de comunicaci\u00f3n esta ma\u00f1ana en Madrid en el acto conmemorativo con motivo del D\u00eda de la Constituci\u00f3n, organizado por el Congreso de los Diputados, donde se ha referido a la necesidad de colaboraci\u00f3n entre todas las administraciones para la recuperaci\u00f3n social y econ\u00f3mica de la Comunitat Valenciana. Preguntado al respecto, ha avanzado que ya se han establecido contactos entre la Generalitat y el Gobierno de Espa\u00f1a para abordar la reconstrucci\u00f3n. \u201cEstamos a punto de fijar una fecha para la reuni\u00f3n\u201d, ha asegurado.<\/p>\n\n\n\n<p>El jefe del Consell &nbsp;ha puesto en valor la Constituci\u00f3n Espa\u00f1ola de 1978 \u201cque parti\u00f3 desde el di\u00e1logo, el consenso y el entendimiento de todos los espa\u00f1oles\u201d para remarcar su objetivo como jefe del Ejecutivo valenciano de \u201crecuperar puentes y v\u00edas de comunicaci\u00f3n con los afectados y familiares de las v\u00edctimas de la DANA\u201d, adem\u00e1s de impulsar \u201ccoordinaci\u00f3n con el Gobierno de Espa\u00f1a\u201d.<\/p>\n\n\n\n<p>El president ha agregado que \u201ces esto lo que corresponde y lo que nos demanda la sociedad, de la que ha se\u00f1alado que \u201cest\u00e1 cansada de crispaci\u00f3n y de falta de entendimiento\u201d.&nbsp;<\/p>\n\n\n\n<p>Por ello, P\u00e9rez Llorca ha reclamado \u201cdi\u00e1logo y entendimiento, especialmente con toda la sociedad valenciana que ha sufrido la tragedia de la dana\u201d y ha ahondado en la demanda de la sociedad para que las Administraciones \u201cest\u00e9n a la altura de lo que se merecen y trabajen por una reconstrucci\u00f3n f\u00edsica pero tambi\u00e9n moral\u201d.<\/p>\n\n\n\n<figure class=\"wp-block-gallery has-nested-images columns-default is-cropped wp-block-gallery-1 is-layout-flex wp-block-gallery-is-layout-flex\">\n<figure class=\"wp-block-image size-large\"><img loading=\"lazy\" decoding=\"async\" width=\"1024\" height=\"691\" data-id=\"287348\" src=\"https:\/\/www.tucomarca.com\/wordpress\/segunda\/wp-content\/uploads\/2025\/12\/PerezLlorca6DIC25_2-1024x691.jpg\" alt=\"\" class=\"wp-image-287348\" srcset=\"https:\/\/www.tucomarca.com\/wordpress\/segunda\/wp-content\/uploads\/2025\/12\/PerezLlorca6DIC25_2-1024x691.jpg 1024w, https:\/\/www.tucomarca.com\/wordpress\/segunda\/wp-content\/uploads\/2025\/12\/PerezLlorca6DIC25_2-300x202.jpg 300w, https:\/\/www.tucomarca.com\/wordpress\/segunda\/wp-content\/uploads\/2025\/12\/PerezLlorca6DIC25_2-768x518.jpg 768w, https:\/\/www.tucomarca.com\/wordpress\/segunda\/wp-content\/uploads\/2025\/12\/PerezLlorca6DIC25_2.jpg 1181w\" sizes=\"auto, (max-width: 1024px) 100vw, 1024px\" \/><figcaption class=\"wp-element-caption\">EFE\/Chema Moya<\/figcaption><\/figure>\n\n\n\n<figure class=\"wp-block-image size-large\"><img loading=\"lazy\" decoding=\"async\" width=\"1024\" height=\"691\" data-id=\"287346\" src=\"https:\/\/www.tucomarca.com\/wordpress\/segunda\/wp-content\/uploads\/2025\/12\/PerezLlorca6DIC25_1-1024x691.jpg\" alt=\"\" class=\"wp-image-287346\" srcset=\"https:\/\/www.tucomarca.com\/wordpress\/segunda\/wp-content\/uploads\/2025\/12\/PerezLlorca6DIC25_1-1024x691.jpg 1024w, https:\/\/www.tucomarca.com\/wordpress\/segunda\/wp-content\/uploads\/2025\/12\/PerezLlorca6DIC25_1-300x202.jpg 300w, https:\/\/www.tucomarca.com\/wordpress\/segunda\/wp-content\/uploads\/2025\/12\/PerezLlorca6DIC25_1-768x518.jpg 768w, https:\/\/www.tucomarca.com\/wordpress\/segunda\/wp-content\/uploads\/2025\/12\/PerezLlorca6DIC25_1.jpg 1181w\" sizes=\"auto, (max-width: 1024px) 100vw, 1024px\" \/><figcaption class=\"wp-element-caption\">EFE\/Borja S\u00e1nchez-Trillo<\/figcaption><\/figure>\n<\/figure>\n","protected":false},"excerpt":{"rendered":"<div class=\"mh-excerpt\">El jefe del Consell incide en la colaboraci\u00f3n entre todas las administraciones para afrontar la recuperaci\u00f3n social y econ\u00f3mica y avanza que la Generalitat y el Gobierno de Espa\u00f1a \u201cest\u00e1n a punto de fijar fecha <a class=\"mh-excerpt-more\" href=\"https:\/\/www.tucomarca.com\/wordpress\/segunda\/perez-llorca-apela-al-espiritu-de-dialogo-consenso-y-entendimiento-de-la-carta-magna-para-avanzar-en-la-reconstruccion-de-la-comunitat-valenciana\/\" title=\"P\u00e9rez Llorca apela al esp\u00edritu de \u201cdi\u00e1logo, consenso y entendimiento\u201d de la Carta Magna para avanzar en la reconstrucci\u00f3n de la Comunitat Valenciana\">[+] <\/a><\/div>\n","protected":false},"author":12,"featured_media":287344,"comment_status":"open","ping_status":"open","sticky":false,"template":"","format":"gallery","meta":{"footnotes":""},"categories":[128,8,72,142,3,45],"tags":[23465,2142],"class_list":{"0":"post-287342","1":"post","2":"type-post","3":"status-publish","4":"format-gallery","5":"has-post-thumbnail","7":"category-infraestructuras","8":"category-la-comarca","9":"category-sin-categorizar","10":"category-politica-la-comarca","11":"category-seccion","12":"category-ventana","13":"tag-juanfran-perez-llorca","14":"tag-la-comunitat","15":"post_format-post-format-gallery"},"_links":{"self":[{"href":"https:\/\/www.tucomarca.com\/wordpress\/segunda\/wp-json\/wp\/v2\/posts\/287342","targetHints":{"allow":["GET"]}}],"collection":[{"href":"https:\/\/www.tucomarca.com\/wordpress\/segunda\/wp-json\/wp\/v2\/posts"}],"about":[{"href":"https:\/\/www.tucomarca.com\/wordpress\/segunda\/wp-json\/wp\/v2\/types\/post"}],"author":[{"embeddable":true,"href":"https:\/\/www.tucomarca.com\/wordpress\/segunda\/wp-json\/wp\/v2\/users\/12"}],"replies":[{"embeddable":true,"href":"https:\/\/www.tucomarca.com\/wordpress\/segunda\/wp-json\/wp\/v2\/comments?post=287342"}],"version-history":[{"count":0,"href":"https:\/\/www.tucomarca.com\/wordpress\/segunda\/wp-json\/wp\/v2\/posts\/287342\/revisions"}],"wp:featuredmedia":[{"embeddable":true,"href":"https:\/\/www.tucomarca.com\/wordpress\/segunda\/wp-json\/wp\/v2\/media\/287344"}],"wp:attachment":[{"href":"https:\/\/www.tucomarca.com\/wordpress\/segunda\/wp-json\/wp\/v2\/media?parent=287342"}],"wp:term":[{"taxonomy":"category","embeddable":true,"href":"https:\/\/www.tucomarca.com\/wordpress\/segunda\/wp-json\/wp\/v2\/categories?post=287342"},{"taxonomy":"post_tag","embeddable":true,"href":"https:\/\/www.tucomarca.com\/wordpress\/segunda\/wp-json\/wp\/v2\/tags?post=287342"}],"curies":[{"name":"wp","href":"https:\/\/api.w.org\/{rel}","templated":true}]}}