{"id":287415,"date":"2025-12-08T11:30:00","date_gmt":"2025-12-08T10:30:00","guid":{"rendered":"https:\/\/www.tucomarca.com\/wordpress\/segunda\/?p=287415"},"modified":"2025-12-09T20:41:37","modified_gmt":"2025-12-09T19:41:37","slug":"detienen-al-autor-del-robo-de-la-bicicleta-de-un-piloto-de-motogp-durante-el-gran-premio-de-cheste","status":"publish","type":"post","link":"https:\/\/www.tucomarca.com\/wordpress\/segunda\/detienen-al-autor-del-robo-de-la-bicicleta-de-un-piloto-de-motogp-durante-el-gran-premio-de-cheste\/","title":{"rendered":"Detienen al autor del robo de la bicicleta de un piloto de MotoGP durante el Gran Premio de Cheste"},"content":{"rendered":"\n<h3 class=\"wp-block-heading\">Se trata de un modelo del que s\u00f3lo existen dos unidades y tiene un precio de entre 15.000 y 20.000 euros.<\/h3>\n\n\n\n<h3 class=\"wp-block-heading\">El detenido se encontraba de permiso penitenciario y estaba siendo investigado por otros delitos.<\/h3>\n\n\n\n<p>La Guardia Civil ha detenido en Madrid a un hombre de 44 a\u00f1os que hab\u00eda sustra\u00eddo la bicicleta de un piloto de Moto GP durante el Gran Premio de Motociclismo en el Circuito Ricardo-Tormo de Cheste. Adem\u00e1s, tambi\u00e9n hab\u00eda cometido otros hurtos, incluso el de un veh\u00edculo a motor de un concesionario. &nbsp;<\/p>\n\n\n\n<p>Se trataba de una bicicleta muy exclusiva, de la cual s\u00f3lo existen dos en el mundo y que tiene una valoraci\u00f3n de entre 15.000 y 20.000 euros.&nbsp;<\/p>\n\n\n\n<p>Los agentes analizaron el lugar donde tuvieron lugar los hechos. Durante la investigaci\u00f3n se comprobaron las im\u00e1genes de seguridad no s\u00f3lo del circuito, sino tambi\u00e9n de instalaciones cercanas. Entre ellas las c\u00e1maras de vigilancia de una gasolinera cercana al circuito donde una persona entr\u00f3 con la bicicleta mientras se hac\u00eda pasar por personal de una de las escuder\u00edas de competici\u00f3n.&nbsp;<\/p>\n\n\n\n<p>Los agentes encontraron a la persona que podr\u00eda haber cometido el robo, un hombre con domicilio en Madrid. Sobre \u00e9l pesaban varios antecedentes por delitos contra el patrimonio. Adem\u00e1s, se encontraba de permiso penitenciario.<\/p>\n\n\n\n<p>Este mismo hombre estaba siendo investigado por la comisi\u00f3n de varios delitos de hurto y por haber sustra\u00eddo un veh\u00edculo a motor de un concesionario de coches.<\/p>\n\n\n\n<p>Para su detenci\u00f3n, los guardias civiles pudieron comprobar a trav\u00e9s de c\u00e1maras y de testigos que portaba la bicicleta extray\u00e9ndola de la zona de <em>motor-home <\/em>el d\u00eda que desapareci\u00f3. Finalmente ha sido localizado esta semana en un barrio de Madrid.<\/p>\n\n\n\n<p>La investigaci\u00f3n ha sido llevada a cabo por guardias civiles del Equipo de Polic\u00eda Judicial de Ribarroja (Valencia) en coordinaci\u00f3n con el Puesto Principal de Majadahonda (Madrid). Las diligencias han sido entregadas en la Secci\u00f3n Civil y de Instrucci\u00f3n del Tribunal de Instancia de Requena n\u00ba 2 (Valencia).&nbsp;<\/p>\n","protected":false},"excerpt":{"rendered":"<div class=\"mh-excerpt\">Se trata de un modelo del que s\u00f3lo existen dos unidades y tiene un precio de entre 15.000 y 20.000 euros. El detenido se encontraba de permiso penitenciario y estaba siendo investigado por otros delitos. <a class=\"mh-excerpt-more\" href=\"https:\/\/www.tucomarca.com\/wordpress\/segunda\/detienen-al-autor-del-robo-de-la-bicicleta-de-un-piloto-de-motogp-durante-el-gran-premio-de-cheste\/\" title=\"Detienen al autor del robo de la bicicleta de un piloto de MotoGP durante el Gran Premio de Cheste\">[+] <\/a><\/div>\n","protected":false},"author":12,"featured_media":287418,"comment_status":"open","ping_status":"open","sticky":false,"template":"","format":"standard","meta":{"footnotes":""},"categories":[17,8,10,3,116,45],"tags":[339,5984,1098,5952,23518],"class_list":{"0":"post-287415","1":"post","2":"type-post","3":"status-publish","4":"format-standard","5":"has-post-thumbnail","7":"category-cheste","8":"category-la-comarca","9":"category-la-hoya","10":"category-seccion","11":"category-sucesos-la-comarca","12":"category-ventana","13":"tag-cheste-2","14":"tag-circuito-ricardo-tormo","15":"tag-guardia-civil","16":"tag-la-hoya-de-bunol-chiva","17":"tag-robo-bicicleta"},"_links":{"self":[{"href":"https:\/\/www.tucomarca.com\/wordpress\/segunda\/wp-json\/wp\/v2\/posts\/287415","targetHints":{"allow":["GET"]}}],"collection":[{"href":"https:\/\/www.tucomarca.com\/wordpress\/segunda\/wp-json\/wp\/v2\/posts"}],"about":[{"href":"https:\/\/www.tucomarca.com\/wordpress\/segunda\/wp-json\/wp\/v2\/types\/post"}],"author":[{"embeddable":true,"href":"https:\/\/www.tucomarca.com\/wordpress\/segunda\/wp-json\/wp\/v2\/users\/12"}],"replies":[{"embeddable":true,"href":"https:\/\/www.tucomarca.com\/wordpress\/segunda\/wp-json\/wp\/v2\/comments?post=287415"}],"version-history":[{"count":0,"href":"https:\/\/www.tucomarca.com\/wordpress\/segunda\/wp-json\/wp\/v2\/posts\/287415\/revisions"}],"wp:featuredmedia":[{"embeddable":true,"href":"https:\/\/www.tucomarca.com\/wordpress\/segunda\/wp-json\/wp\/v2\/media\/287418"}],"wp:attachment":[{"href":"https:\/\/www.tucomarca.com\/wordpress\/segunda\/wp-json\/wp\/v2\/media?parent=287415"}],"wp:term":[{"taxonomy":"category","embeddable":true,"href":"https:\/\/www.tucomarca.com\/wordpress\/segunda\/wp-json\/wp\/v2\/categories?post=287415"},{"taxonomy":"post_tag","embeddable":true,"href":"https:\/\/www.tucomarca.com\/wordpress\/segunda\/wp-json\/wp\/v2\/tags?post=287415"}],"curies":[{"name":"wp","href":"https:\/\/api.w.org\/{rel}","templated":true}]}}