{"id":287438,"date":"2025-12-09T11:15:00","date_gmt":"2025-12-09T10:15:00","guid":{"rendered":"https:\/\/www.tucomarca.com\/wordpress\/segunda\/?p=287438"},"modified":"2025-12-09T20:59:34","modified_gmt":"2025-12-09T19:59:34","slug":"turis-conmemora-el-dia-internacional-de-las-personas-con-discapacidad-con-una-jornada-de-sensibilizacion-y-visibilizacion","status":"publish","type":"post","link":"https:\/\/www.tucomarca.com\/wordpress\/segunda\/turis-conmemora-el-dia-internacional-de-las-personas-con-discapacidad-con-una-jornada-de-sensibilizacion-y-visibilizacion\/","title":{"rendered":"Tur\u00eds conmemora el D\u00eda Internacional de las Personas con Discapacidad con una jornada de sensibilizaci\u00f3n y visibilizaci\u00f3n"},"content":{"rendered":"\n<p>Tur\u00eds ha celebrado el D\u00eda Internacional de las Personas con Discapacidad con una completa jornada repleta de actividades orientadas a la sensibilizaci\u00f3n y al reconocimiento del talento de las personas con diversidad funcional del municipio.<\/p>\n\n\n\n<p>Durante el acto, la Associaci\u00f3 <em>Per Ells<\/em> present\u00f3 una amplia variedad de productos navide\u00f1os elaborados por sus miembros, que ya est\u00e1n a la venta para todo el vecindario. Estas creaciones, fruto de su dedicaci\u00f3n y creatividad, tambi\u00e9n pudieron verse reflejadas en los adornos instalados en la Plaza Vicent Ribes, donde se desarroll\u00f3 buena parte de la programaci\u00f3n.<\/p>\n\n\n\n<p>El momento institucional lleg\u00f3 con la lectura de un manifiesto a cargo de la concejala de Servicios Sociales, Carmela Collado. En su intervenci\u00f3n, defini\u00f3 la diversidad funcional intelectual como \u201cla variedad de habilidades y talentos que cada persona aporta, independientemente de sus capacidades\u201d. Collado anunci\u00f3 adem\u00e1s un \u201cacuerdo de colaboraci\u00f3n entre el Ayuntamiento y la Associaci\u00f3 <em>Per Ells<\/em> en materia de integraci\u00f3n sociolaboral\u201d.<\/p>\n\n\n\n<p>La edil subray\u00f3 la necesidad de \u201cseguir trabajando para eliminar barreras f\u00edsicas, mentales y sociales\u201d, y anim\u00f3 a toda la ciudadan\u00eda a \u201ccrear un mundo m\u00e1s inclusivo, donde la diversidad funcional no sea un obst\u00e1culo, sino un recordatorio de que la grandeza se manifiesta de muchas maneras\u201d.<\/p>\n\n\n\n<figure class=\"wp-block-gallery has-nested-images columns-1 is-cropped wp-block-gallery-1 is-layout-flex wp-block-gallery-is-layout-flex\">\n<figure class=\"wp-block-image size-large\"><img loading=\"lazy\" decoding=\"async\" width=\"1024\" height=\"577\" data-id=\"287440\" src=\"https:\/\/www.tucomarca.com\/wordpress\/segunda\/wp-content\/uploads\/2025\/12\/TurisPerElls01-1024x577.jpg\" alt=\"\" class=\"wp-image-287440\" srcset=\"https:\/\/www.tucomarca.com\/wordpress\/segunda\/wp-content\/uploads\/2025\/12\/TurisPerElls01-1024x577.jpg 1024w, https:\/\/www.tucomarca.com\/wordpress\/segunda\/wp-content\/uploads\/2025\/12\/TurisPerElls01-300x169.jpg 300w, https:\/\/www.tucomarca.com\/wordpress\/segunda\/wp-content\/uploads\/2025\/12\/TurisPerElls01-768x432.jpg 768w, https:\/\/www.tucomarca.com\/wordpress\/segunda\/wp-content\/uploads\/2025\/12\/TurisPerElls01-678x381.jpg 678w, https:\/\/www.tucomarca.com\/wordpress\/segunda\/wp-content\/uploads\/2025\/12\/TurisPerElls01.jpg 1181w\" sizes=\"auto, (max-width: 1024px) 100vw, 1024px\" \/><\/figure>\n\n\n\n<figure class=\"wp-block-image size-large\"><img loading=\"lazy\" decoding=\"async\" width=\"1024\" height=\"582\" data-id=\"287442\" src=\"https:\/\/www.tucomarca.com\/wordpress\/segunda\/wp-content\/uploads\/2025\/12\/TurisPerElls02-1024x582.jpg\" alt=\"\" class=\"wp-image-287442\" srcset=\"https:\/\/www.tucomarca.com\/wordpress\/segunda\/wp-content\/uploads\/2025\/12\/TurisPerElls02-1024x582.jpg 1024w, https:\/\/www.tucomarca.com\/wordpress\/segunda\/wp-content\/uploads\/2025\/12\/TurisPerElls02-300x170.jpg 300w, https:\/\/www.tucomarca.com\/wordpress\/segunda\/wp-content\/uploads\/2025\/12\/TurisPerElls02-768x436.jpg 768w, https:\/\/www.tucomarca.com\/wordpress\/segunda\/wp-content\/uploads\/2025\/12\/TurisPerElls02.jpg 1181w\" sizes=\"auto, (max-width: 1024px) 100vw, 1024px\" \/><\/figure>\n\n\n\n<figure class=\"wp-block-image size-large\"><img loading=\"lazy\" decoding=\"async\" width=\"1024\" height=\"577\" data-id=\"287446\" src=\"https:\/\/www.tucomarca.com\/wordpress\/segunda\/wp-content\/uploads\/2025\/12\/TurisPerElls04-1024x577.jpg\" alt=\"\" class=\"wp-image-287446\" srcset=\"https:\/\/www.tucomarca.com\/wordpress\/segunda\/wp-content\/uploads\/2025\/12\/TurisPerElls04-1024x577.jpg 1024w, https:\/\/www.tucomarca.com\/wordpress\/segunda\/wp-content\/uploads\/2025\/12\/TurisPerElls04-300x169.jpg 300w, https:\/\/www.tucomarca.com\/wordpress\/segunda\/wp-content\/uploads\/2025\/12\/TurisPerElls04-768x432.jpg 768w, https:\/\/www.tucomarca.com\/wordpress\/segunda\/wp-content\/uploads\/2025\/12\/TurisPerElls04-678x381.jpg 678w, https:\/\/www.tucomarca.com\/wordpress\/segunda\/wp-content\/uploads\/2025\/12\/TurisPerElls04.jpg 1181w\" sizes=\"auto, (max-width: 1024px) 100vw, 1024px\" \/><\/figure>\n<\/figure>\n","protected":false},"excerpt":{"rendered":"<div class=\"mh-excerpt\">Tur\u00eds ha celebrado el D\u00eda Internacional de las Personas con Discapacidad con una completa jornada repleta de actividades orientadas a la sensibilizaci\u00f3n y al reconocimiento del talento de las personas con diversidad funcional del municipio. <a class=\"mh-excerpt-more\" href=\"https:\/\/www.tucomarca.com\/wordpress\/segunda\/turis-conmemora-el-dia-internacional-de-las-personas-con-discapacidad-con-una-jornada-de-sensibilizacion-y-visibilizacion\/\" title=\"Tur\u00eds conmemora el D\u00eda Internacional de las Personas con Discapacidad con una jornada de sensibilizaci\u00f3n y visibilizaci\u00f3n\">[+] <\/a><\/div>\n","protected":false},"author":12,"featured_media":287444,"comment_status":"open","ping_status":"open","sticky":false,"template":"","format":"gallery","meta":{"footnotes":""},"categories":[8,42,7,3],"tags":[1060,1407,10394],"class_list":{"0":"post-287438","1":"post","2":"type-post","3":"status-publish","4":"format-gallery","5":"has-post-thumbnail","7":"category-la-comarca","8":"category-la-ribera","9":"category-ocio-y-cultura","10":"category-seccion","11":"tag-per-ells","12":"tag-ribera-alta","13":"tag-turis","14":"post_format-post-format-gallery"},"_links":{"self":[{"href":"https:\/\/www.tucomarca.com\/wordpress\/segunda\/wp-json\/wp\/v2\/posts\/287438","targetHints":{"allow":["GET"]}}],"collection":[{"href":"https:\/\/www.tucomarca.com\/wordpress\/segunda\/wp-json\/wp\/v2\/posts"}],"about":[{"href":"https:\/\/www.tucomarca.com\/wordpress\/segunda\/wp-json\/wp\/v2\/types\/post"}],"author":[{"embeddable":true,"href":"https:\/\/www.tucomarca.com\/wordpress\/segunda\/wp-json\/wp\/v2\/users\/12"}],"replies":[{"embeddable":true,"href":"https:\/\/www.tucomarca.com\/wordpress\/segunda\/wp-json\/wp\/v2\/comments?post=287438"}],"version-history":[{"count":0,"href":"https:\/\/www.tucomarca.com\/wordpress\/segunda\/wp-json\/wp\/v2\/posts\/287438\/revisions"}],"wp:featuredmedia":[{"embeddable":true,"href":"https:\/\/www.tucomarca.com\/wordpress\/segunda\/wp-json\/wp\/v2\/media\/287444"}],"wp:attachment":[{"href":"https:\/\/www.tucomarca.com\/wordpress\/segunda\/wp-json\/wp\/v2\/media?parent=287438"}],"wp:term":[{"taxonomy":"category","embeddable":true,"href":"https:\/\/www.tucomarca.com\/wordpress\/segunda\/wp-json\/wp\/v2\/categories?post=287438"},{"taxonomy":"post_tag","embeddable":true,"href":"https:\/\/www.tucomarca.com\/wordpress\/segunda\/wp-json\/wp\/v2\/tags?post=287438"}],"curies":[{"name":"wp","href":"https:\/\/api.w.org\/{rel}","templated":true}]}}