{"id":287467,"date":"2025-12-09T12:00:00","date_gmt":"2025-12-09T11:00:00","guid":{"rendered":"https:\/\/www.tucomarca.com\/wordpress\/segunda\/?p=287467"},"modified":"2025-12-09T20:33:31","modified_gmt":"2025-12-09T19:33:31","slug":"la-diputacio-de-valencia-estudia-medidas-de-apoyo-a-la-federacion-de-caza-para-prevenir-la-peste-porcina","status":"publish","type":"post","link":"https:\/\/www.tucomarca.com\/wordpress\/segunda\/la-diputacio-de-valencia-estudia-medidas-de-apoyo-a-la-federacion-de-caza-para-prevenir-la-peste-porcina\/","title":{"rendered":"La Diputaci\u00f3 de Val\u00e8ncia estudia medidas de apoyo a la Federaci\u00f3n de Caza para prevenir la peste porcina\u00a0"},"content":{"rendered":"\n<h3 class=\"wp-block-heading\">El presidente de la Diputaci\u00f3n, Vicent Momp\u00f3, se re\u00fane con la presidenta de la Federaci\u00f3n de Caza de la Comunitat Valenciana, Lorena Mart\u00ednez.<\/h3>\n\n\n\n<h3 class=\"wp-block-heading\">La Diputaci\u00f3n aprob\u00f3 en octubre una subvenci\u00f3n de 300.000 euros para ayudar a los cazadores a reducir la sobrepoblaci\u00f3n de jabal\u00edes.<\/h3>\n\n\n\n<p>El presidente de la Diputaci\u00f3n, Vicent Momp\u00f3, se ha reunido este martes con la presidenta de la Federaci\u00f3n de Caza de la Comunitat Valenciana, Lorena Mart\u00ednez para estudiar acciones que contribuyan a reducir la sobrepoblaci\u00f3n de jabal\u00edes en la provincia de Val\u00e8ncia y, por lo tanto, las probabilidades de contagio de peste porcina africana. Actualmente, no hay ning\u00fan caso en la Comunitat Valenciana, pero se trata de una tarea de prevenci\u00f3n en la que la Diputaci\u00f3n, siguiendo en la l\u00ednea de colaboraci\u00f3n con la Federaci\u00f3n de Caza, est\u00e1 trabajando.&nbsp;<\/p>\n\n\n\n<p>\u201cLa Federaci\u00f3n nos ha trasladado la necesidad de contar con puntos habilitados donde los cazadores puedan depositar los ejemplares abatidos. Por ello, vamos a trabajar con los consorcios de residuos para estudiar la implantaci\u00f3n de diferentes puntos de entrega en toda la provincia\u201d, ha se\u00f1alado Momp\u00f3. El presidente ha recordado que la Diputaci\u00f3n ya activ\u00f3 en octubre una l\u00ednea de ayudas de 300.000 euros \u201cdestinada precisamente a facilitar la correcta gesti\u00f3n de los restos de las piezas, que es uno de los principales obst\u00e1culos a los que se enfrentan los cazadores\u201d.<\/p>\n\n\n\n<p>Momp\u00f3 ha subrayado que \u201cla situaci\u00f3n es seria y existe el riesgo de que estemos llegando tarde\u201d. En este sentido, ha defendido la necesidad de actuar con determinaci\u00f3n: \u201cReducir la poblaci\u00f3n de jabal\u00edes es esencial; cuanta menos densidad haya, menor ser\u00e1 la probabilidad de que la peste porcina llegue. Aun as\u00ed, debemos estar preparados, porque el riesgo est\u00e1 encima de la mesa\u201d.<\/p>\n\n\n\n<p>El presidente ha destacado que la Diputaci\u00f3n lleva tiempo advirtiendo del problema: \u201cAtendimos la llamada de auxilio de la Federaci\u00f3n de Caza desde el primer momento. Siempre hemos dicho que los cazadores no son un enemigo en la gesti\u00f3n del medio natural, sino aliados imprescindibles para protegerlo\u201d.&nbsp;<\/p>\n\n\n\n<p>En la misma l\u00ednea, la presidenta de la Federaci\u00f3n de Caza de la Comunitat Valenciana, Lorena Mart\u00ednez, ha explicado que la subvenci\u00f3n de la Diputaci\u00f3n \u201csupone reconocer el trabajo que est\u00e1 haciendo el cazador en la Comunitat Valenciana, en la provincia de Valencia hay 200 t\u00e9rminos con sobreabundancia y reconocer este trabajo para reducir la poblaci\u00f3n, disminuyendo sus costes es una manera de entender que la caza es necesaria y es una herramienta esencial de gesti\u00f3n\u201d.&nbsp;<\/p>\n\n\n\n<p>\u201cAhora lo que necesitamos es la prevenci\u00f3n y la ayuda para hacer frente porque desgraciadamente somos los cazadores que podemos hacer algo para evitar que esta enfermedad se propague\u201d, ha asegurado Mart\u00ednez, al tiempo que ha valorado \u201cmuy positivamente\u201d la reuni\u00f3n ya que, ha explicado, \u201cla Diputaci\u00f3n siempre est\u00e1 a disposici\u00f3n de los cazadores\u201d.&nbsp;<\/p>\n","protected":false},"excerpt":{"rendered":"<div class=\"mh-excerpt\">El presidente de la Diputaci\u00f3n, Vicent Momp\u00f3, se re\u00fane con la presidenta de la Federaci\u00f3n de Caza de la Comunitat Valenciana, Lorena Mart\u00ednez. La Diputaci\u00f3n aprob\u00f3 en octubre una subvenci\u00f3n de 300.000 euros para ayudar <a class=\"mh-excerpt-more\" href=\"https:\/\/www.tucomarca.com\/wordpress\/segunda\/la-diputacio-de-valencia-estudia-medidas-de-apoyo-a-la-federacion-de-caza-para-prevenir-la-peste-porcina\/\" title=\"La Diputaci\u00f3 de Val\u00e8ncia estudia medidas de apoyo a la Federaci\u00f3n de Caza para prevenir la peste porcina\u00a0\">[+] <\/a><\/div>\n","protected":false},"author":12,"featured_media":287469,"comment_status":"open","ping_status":"open","sticky":false,"template":"","format":"standard","meta":{"footnotes":""},"categories":[128,8,72,117,142,3,116,45],"tags":[3677,19834,23486],"class_list":{"0":"post-287467","1":"post","2":"type-post","3":"status-publish","4":"format-standard","5":"has-post-thumbnail","7":"category-infraestructuras","8":"category-la-comarca","9":"category-sin-categorizar","10":"category-medio-ambiente-la-comarca","11":"category-politica-la-comarca","12":"category-seccion","13":"category-sucesos-la-comarca","14":"category-ventana","15":"tag-diputacio-de-valencia","16":"tag-federacion-de-caza-de-la-comunidad-valenciana","17":"tag-peste-porcina"},"_links":{"self":[{"href":"https:\/\/www.tucomarca.com\/wordpress\/segunda\/wp-json\/wp\/v2\/posts\/287467","targetHints":{"allow":["GET"]}}],"collection":[{"href":"https:\/\/www.tucomarca.com\/wordpress\/segunda\/wp-json\/wp\/v2\/posts"}],"about":[{"href":"https:\/\/www.tucomarca.com\/wordpress\/segunda\/wp-json\/wp\/v2\/types\/post"}],"author":[{"embeddable":true,"href":"https:\/\/www.tucomarca.com\/wordpress\/segunda\/wp-json\/wp\/v2\/users\/12"}],"replies":[{"embeddable":true,"href":"https:\/\/www.tucomarca.com\/wordpress\/segunda\/wp-json\/wp\/v2\/comments?post=287467"}],"version-history":[{"count":0,"href":"https:\/\/www.tucomarca.com\/wordpress\/segunda\/wp-json\/wp\/v2\/posts\/287467\/revisions"}],"wp:featuredmedia":[{"embeddable":true,"href":"https:\/\/www.tucomarca.com\/wordpress\/segunda\/wp-json\/wp\/v2\/media\/287469"}],"wp:attachment":[{"href":"https:\/\/www.tucomarca.com\/wordpress\/segunda\/wp-json\/wp\/v2\/media?parent=287467"}],"wp:term":[{"taxonomy":"category","embeddable":true,"href":"https:\/\/www.tucomarca.com\/wordpress\/segunda\/wp-json\/wp\/v2\/categories?post=287467"},{"taxonomy":"post_tag","embeddable":true,"href":"https:\/\/www.tucomarca.com\/wordpress\/segunda\/wp-json\/wp\/v2\/tags?post=287467"}],"curies":[{"name":"wp","href":"https:\/\/api.w.org\/{rel}","templated":true}]}}