{"id":287604,"date":"2025-12-10T09:15:00","date_gmt":"2025-12-10T08:15:00","guid":{"rendered":"https:\/\/www.tucomarca.com\/wordpress\/segunda\/?p=287604"},"modified":"2025-12-10T20:25:35","modified_gmt":"2025-12-10T19:25:35","slug":"requena-elegida-ciudad-espanola-del-vino-2026","status":"publish","type":"post","link":"https:\/\/www.tucomarca.com\/wordpress\/segunda\/requena-elegida-ciudad-espanola-del-vino-2026\/","title":{"rendered":"Requena, elegida Ciudad Espa\u00f1ola del Vino 2026"},"content":{"rendered":"\n<p>Supone \u201cuna oportunidad extraordinaria para seguir impulsando nuestro sector vitivin\u00edcola, reforzar la proyecci\u00f3n tur\u00edstica y cultural de Requena y situarnos, durante todo un a\u00f1o, en el centro del panorama vitivin\u00edcola nacional\u201d destacan desde el Ayuntamiento de Requena. Y a\u00f1aden \u201cafrontamos este reto con responsabilidad, entusiasmo y muchas ganas de compartirlo con nuestros vecinos y vecinas, con el sector y con todas las personas que sienten Requena como suya. Este logro es de todos y todas\u201d.<\/p>\n\n\n\n<p>\u201cEl equipo de Gobierno ha trabajado duro por este nombramiento que pone en valor la historia, la identidad y el trabajo de generaciones de viticultores, bodegas, cooperativas y profesionales que han hecho del vino una se\u00f1a de identidad de Requena. Es tambi\u00e9n un reconocimiento al esfuerzo colectivo de todo un territorio que cree en su potencial y en su futuro\u201d manifiestan las fuentes.<\/p>\n\n\n\n<p>Tambi\u00e9n han querido reconocer desde el consistorio \u201cel excelente trabajo de la candidatura de Jerez, un ejemplo de pasi\u00f3n por el vino, y nos sentirnos orgullosos de que Requena haya logrado destacar en este importante reconocimiento\u201d.<strong> Informa, Luis Ib\u00e1\u00f1ez.<\/strong><\/p>\n","protected":false},"excerpt":{"rendered":"<div class=\"mh-excerpt\">Supone \u201cuna oportunidad extraordinaria para seguir impulsando nuestro sector vitivin\u00edcola, reforzar la proyecci\u00f3n tur\u00edstica y cultural de Requena y situarnos, durante todo un a\u00f1o, en el centro del panorama vitivin\u00edcola nacional\u201d destacan desde el Ayuntamiento <a class=\"mh-excerpt-more\" href=\"https:\/\/www.tucomarca.com\/wordpress\/segunda\/requena-elegida-ciudad-espanola-del-vino-2026\/\" title=\"Requena, elegida Ciudad Espa\u00f1ola del Vino 2026\">[+] <\/a><\/div>\n","protected":false},"author":12,"featured_media":287606,"comment_status":"open","ping_status":"open","sticky":false,"template":"","format":"standard","meta":{"footnotes":""},"categories":[113,8,7,28,27,3],"tags":[10388,10387],"class_list":{"0":"post-287604","1":"post","2":"type-post","3":"status-publish","4":"format-standard","5":"has-post-thumbnail","7":"category-vinos","8":"category-la-comarca","9":"category-ocio-y-cultura","10":"category-requena","11":"category-requena-utiel","12":"category-seccion","13":"tag-requena","14":"tag-requena-utiel"},"_links":{"self":[{"href":"https:\/\/www.tucomarca.com\/wordpress\/segunda\/wp-json\/wp\/v2\/posts\/287604","targetHints":{"allow":["GET"]}}],"collection":[{"href":"https:\/\/www.tucomarca.com\/wordpress\/segunda\/wp-json\/wp\/v2\/posts"}],"about":[{"href":"https:\/\/www.tucomarca.com\/wordpress\/segunda\/wp-json\/wp\/v2\/types\/post"}],"author":[{"embeddable":true,"href":"https:\/\/www.tucomarca.com\/wordpress\/segunda\/wp-json\/wp\/v2\/users\/12"}],"replies":[{"embeddable":true,"href":"https:\/\/www.tucomarca.com\/wordpress\/segunda\/wp-json\/wp\/v2\/comments?post=287604"}],"version-history":[{"count":0,"href":"https:\/\/www.tucomarca.com\/wordpress\/segunda\/wp-json\/wp\/v2\/posts\/287604\/revisions"}],"wp:featuredmedia":[{"embeddable":true,"href":"https:\/\/www.tucomarca.com\/wordpress\/segunda\/wp-json\/wp\/v2\/media\/287606"}],"wp:attachment":[{"href":"https:\/\/www.tucomarca.com\/wordpress\/segunda\/wp-json\/wp\/v2\/media?parent=287604"}],"wp:term":[{"taxonomy":"category","embeddable":true,"href":"https:\/\/www.tucomarca.com\/wordpress\/segunda\/wp-json\/wp\/v2\/categories?post=287604"},{"taxonomy":"post_tag","embeddable":true,"href":"https:\/\/www.tucomarca.com\/wordpress\/segunda\/wp-json\/wp\/v2\/tags?post=287604"}],"curies":[{"name":"wp","href":"https:\/\/api.w.org\/{rel}","templated":true}]}}