{"id":287737,"date":"2025-12-11T10:00:00","date_gmt":"2025-12-11T09:00:00","guid":{"rendered":"https:\/\/www.tucomarca.com\/wordpress\/segunda\/?p=287737"},"modified":"2025-12-11T20:57:12","modified_gmt":"2025-12-11T19:57:12","slug":"los-festivales-apoyados-por-la-diputacion-de-valencia-nomade-y-terra-bobal-fest-destacan-con-17-nominaciones-en-los-iberian-festival-awards","status":"publish","type":"post","link":"https:\/\/www.tucomarca.com\/wordpress\/segunda\/los-festivales-apoyados-por-la-diputacion-de-valencia-nomade-y-terra-bobal-fest-destacan-con-17-nominaciones-en-los-iberian-festival-awards\/","title":{"rendered":"Los festivales apoyados por la Diputaci\u00f3n de Valencia, N\u00f3made y Terra Bobal Fest, destacan con 17 nominaciones en los Iberian Festival Awards"},"content":{"rendered":"\n<h3 class=\"wp-block-heading\">La vicepresidenta Nat\u00e0lia Enguix destaca que estas nominaciones reflejan el acierto de la Diputaci\u00f3n al respaldar iniciativas culturales que \u201cgeneran oportunidades, fortalecen el tejido local y proyectan la identidad de nuestras comarcas\u201d.<\/h3>\n\n\n\n<h3 class=\"wp-block-heading\">Estas iniciativas culturales se complementan con acciones como los Bonos Comercio DANA y el programa Formworking que tienen como objetivo el impulso econ\u00f3mico y la dinamizaci\u00f3n del tejido local.<\/h3>\n\n\n\n<p>Los festivales N\u00f3made y Terra Bobal Fest, ambos patrocinados por el \u00e1rea de Comarcalizaci\u00f3n y Promoci\u00f3n Econ\u00f3mica de la Diputaci\u00f3n de Valencia, acumulan 17 nominaciones en los Iberian Festival Awards, un reconocimiento que distingue a los proyectos capaces de integrar m\u00fasica, turismo y patrimonio en un modelo sostenible y ligado al territorio.<\/p>\n\n\n\n<p>La vicepresidenta y responsable del \u00c1rea de Comarcalizaci\u00f3n y Promoci\u00f3n Econ\u00f3mica,&nbsp;Nat\u00e0lia Enguix, valora estas nominaciones como \u201cuna muestra de la potencia cultural y econ\u00f3mica de nuestras comarcas\u201d, subrayando que \u201cestos festivales generan oportunidad, atraen visitantes, fortalecen a las empresas locales y proyectan la identidad valenciana desde la autenticidad y el arraigo territorial\u201d. En este sentido, Enguix defiende que la Diputaci\u00f3n \u201cseguir\u00e1 apostando por iniciativas que convierten la cultura en un motor de desarrollo, especialmente cuando nace del territorio y se articula con las mancomunidades y los ayuntamientos\u201d.<\/p>\n\n\n\n<p>Las 17 nominaciones \u2014seis para N\u00f3made y once para Terra Bobal Fest\u2014 sit\u00faan a ambos festivales al nivel de otros proyectos destacados en el \u00e1mbito estatal y refuerzan un modelo en el que la integraci\u00f3n entre m\u00fasica, paisaje, gastronom\u00eda y sostenibilidad es clave. N\u00f3made compite en categor\u00edas como&nbsp;Best Small Festival, Best Touristic Promotion o&nbsp;Best Cultural Programme, mientras que Terra Bobal Fest destaca por candidaturas que reconocen la acogida al p\u00fablico, la sostenibilidad, la igualdad y la calidad art\u00edstica. Ambos forman parte de&nbsp;Festivales Territorio, una marca que ha consolidado un modelo reconocido por unir patrimonio, memoria y creaci\u00f3n contempor\u00e1nea.<\/p>\n\n\n\n<p>Enguix explica que estas nominaciones \u201cse alinean con la apuesta que estamos impulsando desde la vicepresidencia primera para reforzar la econom\u00eda local y la cohesi\u00f3n comarcal\u201d, y recuerda que el apoyo de la Diputaci\u00f3n se complementa con el trabajo de las mancomunidades implicadas: \u201cTrabajar con La Costera-Canal, la Vall d\u2019Albaida y Tierra del Vino, as\u00ed como con los ayuntamientos, nos permite dar continuidad a un modelo que conecta cultura y desarrollo econ\u00f3mico con resultados tangibles\u201d. Estas distinciones, adem\u00e1s,&nbsp;se suman a las ya obtenidas recientemente en los TIIM Awards, donde N\u00f3made y Terra Bobal Fest volvieron a situarse entre los proyectos m\u00e1s destacados en turismo musical en la Comunitat Valenciana, reforzando as\u00ed su proyecci\u00f3n y el reconocimiento al modelo que representan.<\/p>\n\n\n\n<p>En este marco, la vicepresidenta afirma que \u201clos Iberian Festival Awards reconocen un ecosistema cultural que entiende el territorio como un espacio vivo, donde la m\u00fasica y la cultura son palancas para diversificar la econom\u00eda, poner en valor el producto local y proyectar nuestras comarcas como un destino de calidad\u201d. Para Enguix, este conjunto de nominaciones \u201cnos impulsa a seguir reforzando la cultura como parte central de un modelo econ\u00f3mico que genera oportunidad, cohesi\u00f3n y orgullo local\u201d.<\/p>\n\n\n\n<p>En paralelo a la promoci\u00f3n cultural, la Diputaci\u00f3n de Valencia ha puesto en marcha otras&nbsp;iniciativas de impulso econ\u00f3mico dirigidas a la dinamizaci\u00f3n del comercio y al fortalecimiento del tejido productivo, entre las que destaca la campa\u00f1a de&nbsp;Bonos Comercio DANA. Esta acci\u00f3n, destinada a los&nbsp;26 municipios m\u00e1s afectados por la DANA, ha movilizado&nbsp;10 millones de euros&nbsp;y ha permitido la venta de&nbsp;95.000 bonos, que pueden consumirse hasta el&nbsp;31 de diciembre, generando as\u00ed un fuerte est\u00edmulo para el comercio de proximidad y contribuyendo a acelerar la recuperaci\u00f3n econ\u00f3mica de las localidades afectadas.&nbsp;<\/p>\n\n\n\n<p>Asimismo, la Diputaci\u00f3n ha impulsado tambi\u00e9n un programa formativo como&nbsp;Formworking, una iniciativa de capacitaci\u00f3n y acompa\u00f1amiento empresarial que acerca formaci\u00f3n espec\u00edfica a directivos, aut\u00f3nomos y responsables de empresas y comercios en distintas comarcas para fortalecer las capacidades de gesti\u00f3n, fomentar la competitividad y promover sinergias entre administraci\u00f3n y tejido productivo local.&nbsp;<\/p>\n\n\n\n<p>En este sentido, la vicepresidenta Natalia Enguix destaca que \u201cla Diputaci\u00f3n trabaja para que la cultura, el comercio y el tejido empresarial avancen juntos, ofreciendo a cada comarca m\u00e1s oportunidades y herramientas para crecer\u201d. Enguix a\u00f1ade que \u201ccontinuaremos impulsando iniciativas que fortalezcan el territorio y mejoren la vida de las personas\u201d, reforzando as\u00ed una estrategia integral de desarrollo econ\u00f3mico y cohesi\u00f3n comarcal.<\/p>\n","protected":false},"excerpt":{"rendered":"<div class=\"mh-excerpt\">La vicepresidenta Nat\u00e0lia Enguix destaca que estas nominaciones reflejan el acierto de la Diputaci\u00f3n al respaldar iniciativas culturales que \u201cgeneran oportunidades, fortalecen el tejido local y proyectan la identidad de nuestras comarcas\u201d. Estas iniciativas culturales <a class=\"mh-excerpt-more\" href=\"https:\/\/www.tucomarca.com\/wordpress\/segunda\/los-festivales-apoyados-por-la-diputacion-de-valencia-nomade-y-terra-bobal-fest-destacan-con-17-nominaciones-en-los-iberian-festival-awards\/\" title=\"Los festivales apoyados por la Diputaci\u00f3n de Valencia, N\u00f3made y Terra Bobal Fest, destacan con 17 nominaciones en los Iberian Festival Awards\">[+] <\/a><\/div>\n","protected":false},"author":12,"featured_media":287740,"comment_status":"open","ping_status":"open","sticky":false,"template":"","format":"standard","meta":{"footnotes":""},"categories":[21465,128,8,72,7,142,27,3,45],"tags":[3677,23540,10387,20649],"class_list":{"0":"post-287737","1":"post","2":"type-post","3":"status-publish","4":"format-standard","5":"has-post-thumbnail","7":"category-dana","8":"category-infraestructuras","9":"category-la-comarca","10":"category-sin-categorizar","11":"category-ocio-y-cultura","12":"category-politica-la-comarca","13":"category-requena-utiel","14":"category-seccion","15":"category-ventana","16":"tag-diputacio-de-valencia","17":"tag-iberian-festival-awards","18":"tag-requena-utiel","19":"tag-tierra-bobal-fest"},"_links":{"self":[{"href":"https:\/\/www.tucomarca.com\/wordpress\/segunda\/wp-json\/wp\/v2\/posts\/287737","targetHints":{"allow":["GET"]}}],"collection":[{"href":"https:\/\/www.tucomarca.com\/wordpress\/segunda\/wp-json\/wp\/v2\/posts"}],"about":[{"href":"https:\/\/www.tucomarca.com\/wordpress\/segunda\/wp-json\/wp\/v2\/types\/post"}],"author":[{"embeddable":true,"href":"https:\/\/www.tucomarca.com\/wordpress\/segunda\/wp-json\/wp\/v2\/users\/12"}],"replies":[{"embeddable":true,"href":"https:\/\/www.tucomarca.com\/wordpress\/segunda\/wp-json\/wp\/v2\/comments?post=287737"}],"version-history":[{"count":0,"href":"https:\/\/www.tucomarca.com\/wordpress\/segunda\/wp-json\/wp\/v2\/posts\/287737\/revisions"}],"wp:featuredmedia":[{"embeddable":true,"href":"https:\/\/www.tucomarca.com\/wordpress\/segunda\/wp-json\/wp\/v2\/media\/287740"}],"wp:attachment":[{"href":"https:\/\/www.tucomarca.com\/wordpress\/segunda\/wp-json\/wp\/v2\/media?parent=287737"}],"wp:term":[{"taxonomy":"category","embeddable":true,"href":"https:\/\/www.tucomarca.com\/wordpress\/segunda\/wp-json\/wp\/v2\/categories?post=287737"},{"taxonomy":"post_tag","embeddable":true,"href":"https:\/\/www.tucomarca.com\/wordpress\/segunda\/wp-json\/wp\/v2\/tags?post=287737"}],"curies":[{"name":"wp","href":"https:\/\/api.w.org\/{rel}","templated":true}]}}