{"id":287799,"date":"2025-12-12T10:00:00","date_gmt":"2025-12-12T09:00:00","guid":{"rendered":"https:\/\/www.tucomarca.com\/wordpress\/segunda\/?p=287799"},"modified":"2025-12-12T14:40:24","modified_gmt":"2025-12-12T13:40:24","slug":"los-vinos-blancos-do-utiel-requena-brillan-en-la-formacion-anual-para-profesionales-de-la-restauracion","status":"publish","type":"post","link":"https:\/\/www.tucomarca.com\/wordpress\/segunda\/los-vinos-blancos-do-utiel-requena-brillan-en-la-formacion-anual-para-profesionales-de-la-restauracion\/","title":{"rendered":"Los vinos blancos DO Utiel-Requena brillan en la formaci\u00f3n anual para profesionales de la restauraci\u00f3n"},"content":{"rendered":"\n<p>Los d\u00edas 1 y 2 de diciembre se celebr\u00f3 la formaci\u00f3n anual dirigida a profesionales de la restauraci\u00f3n, organizada por la <strong>DO Utiel-Requena<\/strong> en colaboraci\u00f3n con el <strong>CdT<\/strong> y la <strong>Mancomunidad Interior Tierra del Vino<\/strong>, y dirigida por la sumiller <strong>Manuela Romeralo<\/strong>.<\/p>\n\n\n\n<p>Esta edici\u00f3n se centr\u00f3 en los<strong><em> vinos blancos de la DO<\/em><\/strong>. Una treintena de profesionales de la hosteler\u00eda comarcal y valenciana participaron en estas jornadas.<\/p>\n\n\n\n<p>Durante la primera jornada, los participantes pudieron analizar vinos blancos de diferentes a\u00f1adas, comparando distintos factores naturales, vinificaciones y pr\u00e1cticas en el vi\u00f1edo. Las bodegas que aportaron sus vinos fueron <strong><em>Covilor, Nodus, Vera de Estenas, Hispano-Suizas, Carres, Murviedro, Pasiego y Finca San Blas<\/em><\/strong>.<\/p>\n\n\n\n<p>En la segunda jornada, los asistentes cataron vinos blancos de otras nueve bodegas: <strong><em>Carlos C\u00e1rcel, Bodegas Utielanas, Vin\u00edcola Requenense, Marqu\u00e9s del Atrio, Vibe, Covi\u00f1as, Dominio de la Vega, Bodegas Palmera y Vegalfaro.<\/em><\/strong><\/p>\n\n\n<div class=\"wp-block-image\">\n<figure class=\"alignleft size-full is-resized\"><img loading=\"lazy\" decoding=\"async\" width=\"600\" height=\"800\" src=\"https:\/\/www.tucomarca.com\/wordpress\/segunda\/wp-content\/uploads\/2025\/12\/DOU-Rvinosblancos2.jpeg\" alt=\"\" class=\"wp-image-287803\" style=\"width:289px;height:auto\" srcset=\"https:\/\/www.tucomarca.com\/wordpress\/segunda\/wp-content\/uploads\/2025\/12\/DOU-Rvinosblancos2.jpeg 600w, https:\/\/www.tucomarca.com\/wordpress\/segunda\/wp-content\/uploads\/2025\/12\/DOU-Rvinosblancos2-225x300.jpeg 225w\" sizes=\"auto, (max-width: 600px) 100vw, 600px\" \/><\/figure>\n<\/div>\n\n\n<p>De la mano de <strong>Manuela Romeralo<\/strong> y con la informaci\u00f3n sobre el vi\u00f1edo y variedades, vinificaci\u00f3n y la guarda que hab\u00edan facilitado los en\u00f3logos\/as de las diferentes bodegas, los asistentes pudieron comprobar la evoluci\u00f3n normal y natural de los vinos blancos con el paso del tiempo. Sorprendi\u00f3 el <strong>gran potencial<\/strong> de los vinos de la DO para la guarda despu\u00e9s de comparar varias a\u00f1adas anteriores, incluso pudieron catar algunos vinos de guarda de las a\u00f1adas 2014 y 2016.<\/p>\n\n\n\n<p>Se plantean nuevas catas de este estilo como una oportunidad enriquecedora para poder explorar y seguir conociendo la evoluci\u00f3n de estos vinos blancos que contin\u00faan expres\u00e1ndose a lo largo del tiempo. Para ello, fundamental la colaboraci\u00f3n de las bodegas de seguir guardando en rima partidas de vinos de sus diferentes a\u00f1adas.<\/p>\n\n\n\n<p>La<em> pr\u00f3xima cata<\/em> prevista ser\u00e1 de <em>vinos rosados,<\/em> continuando con esta iniciativa de formaci\u00f3n y promoci\u00f3n de la calidad y diversidad de la Denominaci\u00f3n de Origen.<\/p>\n\n\n\n<p>La DO Utiel-Requena agradece la colaboraci\u00f3n de todas las bodegas participantes, la restauraci\u00f3n local, el CdT y la Mancomunidad, que hicieron posible que estas jornadas fueran un \u00e9xito.<\/p>\n","protected":false},"excerpt":{"rendered":"<div class=\"mh-excerpt\">Los d\u00edas 1 y 2 de diciembre se celebr\u00f3 la formaci\u00f3n anual dirigida a profesionales de la restauraci\u00f3n, organizada por la DO Utiel-Requena en colaboraci\u00f3n con el CdT y la Mancomunidad Interior Tierra del Vino, <a class=\"mh-excerpt-more\" href=\"https:\/\/www.tucomarca.com\/wordpress\/segunda\/los-vinos-blancos-do-utiel-requena-brillan-en-la-formacion-anual-para-profesionales-de-la-restauracion\/\" title=\"Los vinos blancos DO Utiel-Requena brillan en la formaci\u00f3n anual para profesionales de la restauraci\u00f3n\">[+] <\/a><\/div>\n","protected":false},"author":12,"featured_media":287801,"comment_status":"open","ping_status":"open","sticky":false,"template":"","format":"standard","meta":{"footnotes":""},"categories":[113,8,7,28,27,3,29],"tags":[1422,10387],"class_list":{"0":"post-287799","1":"post","2":"type-post","3":"status-publish","4":"format-standard","5":"has-post-thumbnail","7":"category-vinos","8":"category-la-comarca","9":"category-ocio-y-cultura","10":"category-requena","11":"category-requena-utiel","12":"category-seccion","13":"category-utiel","14":"tag-do-utiel-requena","15":"tag-requena-utiel"},"_links":{"self":[{"href":"https:\/\/www.tucomarca.com\/wordpress\/segunda\/wp-json\/wp\/v2\/posts\/287799","targetHints":{"allow":["GET"]}}],"collection":[{"href":"https:\/\/www.tucomarca.com\/wordpress\/segunda\/wp-json\/wp\/v2\/posts"}],"about":[{"href":"https:\/\/www.tucomarca.com\/wordpress\/segunda\/wp-json\/wp\/v2\/types\/post"}],"author":[{"embeddable":true,"href":"https:\/\/www.tucomarca.com\/wordpress\/segunda\/wp-json\/wp\/v2\/users\/12"}],"replies":[{"embeddable":true,"href":"https:\/\/www.tucomarca.com\/wordpress\/segunda\/wp-json\/wp\/v2\/comments?post=287799"}],"version-history":[{"count":0,"href":"https:\/\/www.tucomarca.com\/wordpress\/segunda\/wp-json\/wp\/v2\/posts\/287799\/revisions"}],"wp:featuredmedia":[{"embeddable":true,"href":"https:\/\/www.tucomarca.com\/wordpress\/segunda\/wp-json\/wp\/v2\/media\/287801"}],"wp:attachment":[{"href":"https:\/\/www.tucomarca.com\/wordpress\/segunda\/wp-json\/wp\/v2\/media?parent=287799"}],"wp:term":[{"taxonomy":"category","embeddable":true,"href":"https:\/\/www.tucomarca.com\/wordpress\/segunda\/wp-json\/wp\/v2\/categories?post=287799"},{"taxonomy":"post_tag","embeddable":true,"href":"https:\/\/www.tucomarca.com\/wordpress\/segunda\/wp-json\/wp\/v2\/tags?post=287799"}],"curies":[{"name":"wp","href":"https:\/\/api.w.org\/{rel}","templated":true}]}}