{"id":287926,"date":"2025-12-15T13:30:00","date_gmt":"2025-12-15T12:30:00","guid":{"rendered":"https:\/\/www.tucomarca.com\/wordpress\/segunda\/?p=287926"},"modified":"2025-12-15T13:50:42","modified_gmt":"2025-12-15T12:50:42","slug":"varias-personas-protagonizan-un-violento-altercado-con-disparos-armas-blancas-y-heridos-durante-esta-madrugada-en-utiel","status":"publish","type":"post","link":"https:\/\/www.tucomarca.com\/wordpress\/segunda\/varias-personas-protagonizan-un-violento-altercado-con-disparos-armas-blancas-y-heridos-durante-esta-madrugada-en-utiel\/","title":{"rendered":"Varias personas protagonizan un violento altercado con disparos, armas blancas y heridos durante esta madrugada en Utiel"},"content":{"rendered":"\n<p>La localidad de\u00a0<strong>Utiel<\/strong>\u00a0ha vivido una\u00a0<strong>noche de gran tensi\u00f3n y alarma social<\/strong>\u00a0tras los hechos ocurridos alrededor de las\u00a0<strong>3,15 horas de esta madrugada<\/strong> cuando se ha producido una\u00a0<strong>violenta reyerta en plena calle<\/strong>\u00a0que ha sembrado el p\u00e1nico entre vecinos y ha requerido la intervenci\u00f3n de las fuerzas de seguridad.<\/p>\n\n\n\n<p>Seg\u00fan ha trascendido de los testimonios de los testigos,&nbsp;<strong>varios individuos armados habr\u00edan protagonizado este altercado<\/strong>, durante el cual se habr\u00edan&nbsp;<strong>efectuado disparos con un rifle y tambi\u00e9n se habr\u00edan utilizado armas blancas<\/strong>, seg\u00fan han relatado personas que presenciaron los hechos. Algunos vecinos alertaron a emergencias indicando que&nbsp;<strong>una de las personas habr\u00eda resultado herida por disparo y estaba sangrando<\/strong>.<\/p>\n\n\n\n<p>Diversos testimonios describen adem\u00e1s que se vivieron escenas de p\u00e1nico: \u00abest\u00e1n disparando con un rifle a gente\u00bb, relataban algunos testigos a las autoridades.<\/p>\n\n\n\n<p><strong>Actuaci\u00f3n de fuerzas de seguridad y estado de la investigaci\u00f3n<\/strong><\/p>\n\n\n\n<p>Puestos en contacto desde <strong>tucomarca.com<\/strong> con la Comandancia de la&nbsp;<strong>Guardia Civil<\/strong>&nbsp;de Valencia han evitado dar ninguna informaci\u00f3n al respecto ya que los hechos se encuentran&nbsp;<strong>bajo investigaci\u00f3n<\/strong>, y tampoco hasta el momento se <strong>han confirmado detenciones oficiales<\/strong>&nbsp;ni se han detallado los motivos que habr\u00edan desencadenado la reyerta.<\/p>\n\n\n\n<p>Desde el Ayuntamiento de Utiel s\u00ed se ha reconocido el incidente y se ha manifestado que se trabaja en coordinaci\u00f3n con los cuerpos policiales para\u00a0garantizar la seguridad ciudadana y ofrecer apoyo a los afectados. Aunque por el momento desde el\u00a0Ayuntamiento de Utiel\u00a0no se ha emitido ning\u00fan comunicado oficial sobre los hechos, a la espera de que avance la investigaci\u00f3n abierta por las fuerzas de seguridad. <\/p>\n","protected":false},"excerpt":{"rendered":"<div class=\"mh-excerpt\">La localidad de\u00a0Utiel\u00a0ha vivido una\u00a0noche de gran tensi\u00f3n y alarma social\u00a0tras los hechos ocurridos alrededor de las\u00a03,15 horas de esta madrugada cuando se ha producido una\u00a0violenta reyerta en plena calle\u00a0que ha sembrado el p\u00e1nico entre <a class=\"mh-excerpt-more\" href=\"https:\/\/www.tucomarca.com\/wordpress\/segunda\/varias-personas-protagonizan-un-violento-altercado-con-disparos-armas-blancas-y-heridos-durante-esta-madrugada-en-utiel\/\" title=\"Varias personas protagonizan un violento altercado con disparos, armas blancas y heridos durante esta madrugada en Utiel\">[+] <\/a><\/div>\n","protected":false},"author":1,"featured_media":266591,"comment_status":"open","ping_status":"open","sticky":false,"template":"","format":"standard","meta":{"footnotes":""},"categories":[8,72,27,3,116,29,45],"tags":[1098,10387,10389],"class_list":{"0":"post-287926","1":"post","2":"type-post","3":"status-publish","4":"format-standard","5":"has-post-thumbnail","7":"category-la-comarca","8":"category-sin-categorizar","9":"category-requena-utiel","10":"category-seccion","11":"category-sucesos-la-comarca","12":"category-utiel","13":"category-ventana","14":"tag-guardia-civil","15":"tag-requena-utiel","16":"tag-utiel"},"_links":{"self":[{"href":"https:\/\/www.tucomarca.com\/wordpress\/segunda\/wp-json\/wp\/v2\/posts\/287926","targetHints":{"allow":["GET"]}}],"collection":[{"href":"https:\/\/www.tucomarca.com\/wordpress\/segunda\/wp-json\/wp\/v2\/posts"}],"about":[{"href":"https:\/\/www.tucomarca.com\/wordpress\/segunda\/wp-json\/wp\/v2\/types\/post"}],"author":[{"embeddable":true,"href":"https:\/\/www.tucomarca.com\/wordpress\/segunda\/wp-json\/wp\/v2\/users\/1"}],"replies":[{"embeddable":true,"href":"https:\/\/www.tucomarca.com\/wordpress\/segunda\/wp-json\/wp\/v2\/comments?post=287926"}],"version-history":[{"count":0,"href":"https:\/\/www.tucomarca.com\/wordpress\/segunda\/wp-json\/wp\/v2\/posts\/287926\/revisions"}],"wp:featuredmedia":[{"embeddable":true,"href":"https:\/\/www.tucomarca.com\/wordpress\/segunda\/wp-json\/wp\/v2\/media\/266591"}],"wp:attachment":[{"href":"https:\/\/www.tucomarca.com\/wordpress\/segunda\/wp-json\/wp\/v2\/media?parent=287926"}],"wp:term":[{"taxonomy":"category","embeddable":true,"href":"https:\/\/www.tucomarca.com\/wordpress\/segunda\/wp-json\/wp\/v2\/categories?post=287926"},{"taxonomy":"post_tag","embeddable":true,"href":"https:\/\/www.tucomarca.com\/wordpress\/segunda\/wp-json\/wp\/v2\/tags?post=287926"}],"curies":[{"name":"wp","href":"https:\/\/api.w.org\/{rel}","templated":true}]}}