{"id":287944,"date":"2025-12-15T13:45:00","date_gmt":"2025-12-15T12:45:00","guid":{"rendered":"https:\/\/www.tucomarca.com\/wordpress\/segunda\/?p=287944"},"modified":"2025-12-15T14:27:55","modified_gmt":"2025-12-15T13:27:55","slug":"el-consorcio-provincial-de-bomberos-de-valencia-comenzara-las-obras-del-nuevo-parque-de-alzira-antes-del-verano-de-2026","status":"publish","type":"post","link":"https:\/\/www.tucomarca.com\/wordpress\/segunda\/el-consorcio-provincial-de-bomberos-de-valencia-comenzara-las-obras-del-nuevo-parque-de-alzira-antes-del-verano-de-2026\/","title":{"rendered":"El Consorcio Provincial de Bomberos de Valencia comenzar\u00e1 las obras del nuevo parque de Alzira antes del verano de 2026"},"content":{"rendered":"\n<h3 class=\"wp-block-heading\">La entidad dependiente de la Diputaci\u00f3n de Val\u00e8ncia invertir\u00e1 m\u00e1s de 11 millones de euros para alzar unas nuevas instalaciones que integrar\u00e1n parque, helipuerto y servicios especializados.<\/h3>\n\n\n\n<p>El Consorcio Provincial de Bomberos (CPBV), entidad dependiente de la Diputaci\u00f3 de Val\u00e8ncia, prepara ya la licitaci\u00f3n de las obras del futuro parque de bomberos de Alzira, que incluir\u00e1 tambi\u00e9n un helipuerto de rescate, as\u00ed como construcciones de pr\u00e1cticas para diversas actividades necesarias para la capacitaci\u00f3n profesional y mantenimiento del cuerpo de bomberos.<\/p>\n\n\n\n<p>Tras la cesi\u00f3n de los terrenos por parte del ayuntamiento de Alzira, el nuevo parque se ubicar\u00e1 en el Pol\u00edgono Industrial El Pla de la capital de la Ribera Alta y tendr\u00e1 una superficie de casi 15.000 m\u00b2; con un presupuesto de licitaci\u00f3n que alcanza los 11,48 millones de euros.<\/p>\n\n\n\n<p>Por una parte, las nuevas instalaciones contar\u00e1n con un edificio principal, que aglutinar\u00e1 el hangar principal para camiones de bomberos, almac\u00e9n y taller de mantenimiento, taquillas de intervenci\u00f3n, y la zona administrativa, con despachos, vestuarios, dormitorios, etc. Por otra parte, habr\u00e1 un edificio de tripulaci\u00f3n, con el hangar para el helic\u00f3ptero y almacenes, y zona administrativa compuesta de sala de reuniones, dormitorios, etc.<\/p>\n\n\n\n<p>Adem\u00e1s, se construir\u00e1 un helipuerto de emergencia; la torre de entrenamiento, para las pr\u00e1cticas de acceso a edificios de los bomberos de 7 plantas; piscina para pr\u00e1cticas de buceo y con veh\u00edculos de carga de agua; una zona de aparcamiento cubierto; as\u00ed como otras construcciones t\u00e9cnicas.<\/p>\n\n\n\n<p>El presidente del Consorcio, Avelino Mascarell, destaca \u00abla mejora a nivel operativo que supone concentrar en un mismo emplazamiento al parque de bomberos de Alzira, al Grupo Especial de Rescate en Altura y a la tripulaci\u00f3n del helic\u00f3ptero de emergencias\u00bb, y enmarca esta actuaci\u00f3n en \u00abla estrategia de la Diputaci\u00f3 de Val\u00e8ncia para modernizar la red provincial de parques de bomberos y reforzar la capacidad de respuesta ante emergencias\u00bb.<\/p>\n\n\n\n<p>Las nuevas instalaciones sustituir\u00e1n al actual parque de bomberos, con m\u00e1s de tres d\u00e9cadas de antig\u00fcedad y graves limitaciones de espacio, accesos y capacidad de ampliaci\u00f3n. El dise\u00f1o del edificio responde a los nuevos protocolos de funcionamiento del servicio, incorpora espacios espec\u00edficos para la descontaminaci\u00f3n tras las intervenciones, zonas de formaci\u00f3n y pr\u00e1cticas, y permite albergar una mayor dotaci\u00f3n de veh\u00edculos y medios t\u00e9cnicos.<\/p>\n\n\n\n<p>Tras dar traslado de la aprobaci\u00f3n del proyecto en la pr\u00f3xima Asamblea del CPBV del pr\u00f3ximo 22 de diciembre, se iniciar\u00e1 el proceso de licitaci\u00f3n de las obras, que se prev\u00e9 que den comienzo en la primavera de 2026.<\/p>\n\n\n\n<figure class=\"wp-block-image size-large\"><img loading=\"lazy\" decoding=\"async\" width=\"1024\" height=\"642\" src=\"https:\/\/www.tucomarca.com\/wordpress\/segunda\/wp-content\/uploads\/2025\/12\/Reunion_Ayto-1024x642.jpg\" alt=\"\" class=\"wp-image-287947\" srcset=\"https:\/\/www.tucomarca.com\/wordpress\/segunda\/wp-content\/uploads\/2025\/12\/Reunion_Ayto-1024x642.jpg 1024w, https:\/\/www.tucomarca.com\/wordpress\/segunda\/wp-content\/uploads\/2025\/12\/Reunion_Ayto-300x188.jpg 300w, https:\/\/www.tucomarca.com\/wordpress\/segunda\/wp-content\/uploads\/2025\/12\/Reunion_Ayto-768x481.jpg 768w, https:\/\/www.tucomarca.com\/wordpress\/segunda\/wp-content\/uploads\/2025\/12\/Reunion_Ayto.jpg 1200w\" sizes=\"auto, (max-width: 1024px) 100vw, 1024px\" \/><\/figure>\n","protected":false},"excerpt":{"rendered":"<div class=\"mh-excerpt\">La entidad dependiente de la Diputaci\u00f3n de Val\u00e8ncia invertir\u00e1 m\u00e1s de 11 millones de euros para alzar unas nuevas instalaciones que integrar\u00e1n parque, helipuerto y servicios especializados. El Consorcio Provincial de Bomberos (CPBV), entidad dependiente <a class=\"mh-excerpt-more\" href=\"https:\/\/www.tucomarca.com\/wordpress\/segunda\/el-consorcio-provincial-de-bomberos-de-valencia-comenzara-las-obras-del-nuevo-parque-de-alzira-antes-del-verano-de-2026\/\" title=\"El Consorcio Provincial de Bomberos de Valencia comenzar\u00e1 las obras del nuevo parque de Alzira antes del verano de 2026\">[+] <\/a><\/div>\n","protected":false},"author":1,"featured_media":287945,"comment_status":"open","ping_status":"open","sticky":false,"template":"","format":"standard","meta":{"footnotes":""},"categories":[69,128,8,72,42,117,142,3,45],"tags":[10402,20370,2142,3640],"class_list":{"0":"post-287944","1":"post","2":"type-post","3":"status-publish","4":"format-standard","5":"has-post-thumbnail","7":"category-alzira","8":"category-infraestructuras","9":"category-la-comarca","10":"category-sin-categorizar","11":"category-la-ribera","12":"category-medio-ambiente-la-comarca","13":"category-politica-la-comarca","14":"category-seccion","15":"category-ventana","16":"tag-alzira","17":"tag-consorcio-provincial-de-bomberos","18":"tag-la-comunitat","19":"tag-la-ribera-alta"},"_links":{"self":[{"href":"https:\/\/www.tucomarca.com\/wordpress\/segunda\/wp-json\/wp\/v2\/posts\/287944","targetHints":{"allow":["GET"]}}],"collection":[{"href":"https:\/\/www.tucomarca.com\/wordpress\/segunda\/wp-json\/wp\/v2\/posts"}],"about":[{"href":"https:\/\/www.tucomarca.com\/wordpress\/segunda\/wp-json\/wp\/v2\/types\/post"}],"author":[{"embeddable":true,"href":"https:\/\/www.tucomarca.com\/wordpress\/segunda\/wp-json\/wp\/v2\/users\/1"}],"replies":[{"embeddable":true,"href":"https:\/\/www.tucomarca.com\/wordpress\/segunda\/wp-json\/wp\/v2\/comments?post=287944"}],"version-history":[{"count":0,"href":"https:\/\/www.tucomarca.com\/wordpress\/segunda\/wp-json\/wp\/v2\/posts\/287944\/revisions"}],"wp:featuredmedia":[{"embeddable":true,"href":"https:\/\/www.tucomarca.com\/wordpress\/segunda\/wp-json\/wp\/v2\/media\/287945"}],"wp:attachment":[{"href":"https:\/\/www.tucomarca.com\/wordpress\/segunda\/wp-json\/wp\/v2\/media?parent=287944"}],"wp:term":[{"taxonomy":"category","embeddable":true,"href":"https:\/\/www.tucomarca.com\/wordpress\/segunda\/wp-json\/wp\/v2\/categories?post=287944"},{"taxonomy":"post_tag","embeddable":true,"href":"https:\/\/www.tucomarca.com\/wordpress\/segunda\/wp-json\/wp\/v2\/tags?post=287944"}],"curies":[{"name":"wp","href":"https:\/\/api.w.org\/{rel}","templated":true}]}}