{"id":288021,"date":"2025-12-15T18:00:00","date_gmt":"2025-12-15T17:00:00","guid":{"rendered":"https:\/\/www.tucomarca.com\/wordpress\/segunda\/?p=288021"},"modified":"2025-12-16T20:14:32","modified_gmt":"2025-12-16T19:14:32","slug":"detenido-en-torrent-un-hombre-por-presunta-estafa-en-la-venta-de-entradas-anuladas-para-el-gran-premio-de-motociclismo-de-la-comunitat-valenciana","status":"publish","type":"post","link":"https:\/\/www.tucomarca.com\/wordpress\/segunda\/detenido-en-torrent-un-hombre-por-presunta-estafa-en-la-venta-de-entradas-anuladas-para-el-gran-premio-de-motociclismo-de-la-comunitat-valenciana\/","title":{"rendered":"Detenido en Torrent un hombre por presunta estafa en la venta de entradas anuladas para el Gran Premio de Motociclismo de la Comunitat Valenciana"},"content":{"rendered":"\n<p>La <strong>Polic\u00eda Nacional<\/strong> ha detenido en <strong>Torrent<\/strong> a un hombre de <strong>49 a\u00f1os<\/strong>, <strong>propietario de una sociedad mercantil dedicada a la venta de entradas para eventos multitudinarios<\/strong>, como <strong>presunto autor de un delito de estafa<\/strong> tras vender entradas anuladas para el <strong>Gran Premio de Motociclismo de la Comunitat Valenciana<\/strong>, celebrado en el circuito de <strong>Cheste<\/strong>.<\/p>\n\n\n\n<p>Hasta el momento, se han recopilado <strong>11 denuncias de personas perjudicadas en distintos puntos de Espa\u00f1a<\/strong>, que habr\u00edan sido v\u00edctimas del mismo m\u00e9todo fraudulento. Seg\u00fan la investigaci\u00f3n, el detenido compraba <strong>lotes de entradas a la empresa oficial del circuito<\/strong> para, posteriormente, proceder a su devoluci\u00f3n.<\/p>\n\n\n\n<p>Una vez recib\u00eda el importe correspondiente, el presunto estafador <strong>revend\u00eda las entradas ya anuladas a trav\u00e9s de su propia p\u00e1gina web<\/strong>, a un precio superior al original. De este modo, los compradores descubr\u00edan el fraude al acudir al recinto el d\u00eda del evento, cuando se les denegaba el acceso al comprobarse que las entradas no eran v\u00e1lidas.<\/p>\n\n\n\n<p>Las investigaciones se iniciaron hace <strong>dos meses<\/strong> por agentes de la <strong>Comisar\u00eda Local de la Polic\u00eda Nacional de Torrent<\/strong>, a ra\u00edz de la denuncia interpuesta por uno de los afectados, quien manifest\u00f3 haber adquirido <strong>cuatro entradas para un gran campeonato de motociclismo<\/strong> por un importe total de <strong>513 euros<\/strong> a trav\u00e9s de una plataforma de venta online.<\/p>\n\n\n\n<p>La Polic\u00eda Nacional contin\u00faa con las diligencias para determinar si existen m\u00e1s personas afectadas y no descarta nuevas denuncias relacionadas con este caso.<\/p>\n","protected":false},"excerpt":{"rendered":"<div class=\"mh-excerpt\">La Polic\u00eda Nacional ha detenido en Torrent a un hombre de 49 a\u00f1os, propietario de una sociedad mercantil dedicada a la venta de entradas para eventos multitudinarios, como presunto autor de un delito de estafa <a class=\"mh-excerpt-more\" href=\"https:\/\/www.tucomarca.com\/wordpress\/segunda\/detenido-en-torrent-un-hombre-por-presunta-estafa-en-la-venta-de-entradas-anuladas-para-el-gran-premio-de-motociclismo-de-la-comunitat-valenciana\/\" title=\"Detenido en Torrent un hombre por presunta estafa en la venta de entradas anuladas para el Gran Premio de Motociclismo de la Comunitat Valenciana\">[+] <\/a><\/div>\n","protected":false},"author":12,"featured_media":285622,"comment_status":"open","ping_status":"open","sticky":false,"template":"","format":"standard","meta":{"footnotes":""},"categories":[17,6,8,72,10,91,3,116,45],"tags":[339,19899,5952,13077],"class_list":{"0":"post-288021","1":"post","2":"type-post","3":"status-publish","4":"format-standard","5":"has-post-thumbnail","7":"category-cheste","8":"category-deportes","9":"category-la-comarca","10":"category-sin-categorizar","11":"category-la-hoya","12":"category-motociclismo","13":"category-seccion","14":"category-sucesos-la-comarca","15":"category-ventana","16":"tag-cheste-2","17":"tag-gran-premio-de-cheste","18":"tag-la-hoya-de-bunol-chiva","19":"tag-mundial-motogp"},"_links":{"self":[{"href":"https:\/\/www.tucomarca.com\/wordpress\/segunda\/wp-json\/wp\/v2\/posts\/288021","targetHints":{"allow":["GET"]}}],"collection":[{"href":"https:\/\/www.tucomarca.com\/wordpress\/segunda\/wp-json\/wp\/v2\/posts"}],"about":[{"href":"https:\/\/www.tucomarca.com\/wordpress\/segunda\/wp-json\/wp\/v2\/types\/post"}],"author":[{"embeddable":true,"href":"https:\/\/www.tucomarca.com\/wordpress\/segunda\/wp-json\/wp\/v2\/users\/12"}],"replies":[{"embeddable":true,"href":"https:\/\/www.tucomarca.com\/wordpress\/segunda\/wp-json\/wp\/v2\/comments?post=288021"}],"version-history":[{"count":0,"href":"https:\/\/www.tucomarca.com\/wordpress\/segunda\/wp-json\/wp\/v2\/posts\/288021\/revisions"}],"wp:featuredmedia":[{"embeddable":true,"href":"https:\/\/www.tucomarca.com\/wordpress\/segunda\/wp-json\/wp\/v2\/media\/285622"}],"wp:attachment":[{"href":"https:\/\/www.tucomarca.com\/wordpress\/segunda\/wp-json\/wp\/v2\/media?parent=288021"}],"wp:term":[{"taxonomy":"category","embeddable":true,"href":"https:\/\/www.tucomarca.com\/wordpress\/segunda\/wp-json\/wp\/v2\/categories?post=288021"},{"taxonomy":"post_tag","embeddable":true,"href":"https:\/\/www.tucomarca.com\/wordpress\/segunda\/wp-json\/wp\/v2\/tags?post=288021"}],"curies":[{"name":"wp","href":"https:\/\/api.w.org\/{rel}","templated":true}]}}