{"id":288039,"date":"2025-12-16T09:00:00","date_gmt":"2025-12-16T08:00:00","guid":{"rendered":"https:\/\/www.tucomarca.com\/wordpress\/segunda\/?p=288039"},"modified":"2025-12-16T20:03:06","modified_gmt":"2025-12-16T19:03:06","slug":"turis-presenta-su-agenda-navidena-2025-2026-con-una-amplia-programacion-cultural-y-festiva","status":"publish","type":"post","link":"https:\/\/www.tucomarca.com\/wordpress\/segunda\/turis-presenta-su-agenda-navidena-2025-2026-con-una-amplia-programacion-cultural-y-festiva\/","title":{"rendered":"Tur\u00eds presenta su Agenda Navide\u00f1a 2025-2026 con una amplia programaci\u00f3n cultural y festiva"},"content":{"rendered":"\n<p>El Ayuntamiento de Tur\u00eds ha dado a conocer la <strong>Agenda Navide\u00f1a 2025-2026<\/strong>, una completa programaci\u00f3n de actividades que se desarrollar\u00e1 entre los meses de diciembre y enero y que est\u00e1 pensada para todos los p\u00fablicos.<\/p>\n\n\n<div class=\"wp-block-image\">\n<figure class=\"alignleft size-large is-resized\"><img loading=\"lazy\" decoding=\"async\" width=\"724\" height=\"1024\" src=\"https:\/\/www.tucomarca.com\/wordpress\/segunda\/wp-content\/uploads\/2025\/12\/turisAgendaNavidad-724x1024.jpg\" alt=\"\" class=\"wp-image-288051\" style=\"width:397px;height:auto\" srcset=\"https:\/\/www.tucomarca.com\/wordpress\/segunda\/wp-content\/uploads\/2025\/12\/turisAgendaNavidad-724x1024.jpg 724w, https:\/\/www.tucomarca.com\/wordpress\/segunda\/wp-content\/uploads\/2025\/12\/turisAgendaNavidad-212x300.jpg 212w, https:\/\/www.tucomarca.com\/wordpress\/segunda\/wp-content\/uploads\/2025\/12\/turisAgendaNavidad-768x1086.jpg 768w, https:\/\/www.tucomarca.com\/wordpress\/segunda\/wp-content\/uploads\/2025\/12\/turisAgendaNavidad-1086x1536.jpg 1086w, https:\/\/www.tucomarca.com\/wordpress\/segunda\/wp-content\/uploads\/2025\/12\/turisAgendaNavidad.jpg 1131w\" sizes=\"auto, (max-width: 724px) 100vw, 724px\" \/><\/figure>\n<\/div>\n\n\n<p>La agenda arranca el <strong>13 de diciembre<\/strong> con el <strong>Concierto de la Coral Vicent Ribes<\/strong> en el Templo Parroquial y continuar\u00e1 con propuestas culturales, musicales y familiares como el <strong>contacontes en la Biblioteca Municipal<\/strong>, el <strong>Cant de les Estrenes<\/strong>, la <strong>visita del elfo del Pap\u00e1 Noel<\/strong>, conciertos de la <strong>Sociedad Musical Turisense<\/strong>, audiciones, teatro infantil y el tradicional <strong>Concurso de Villancicos Juniors Shalom<\/strong>.<\/p>\n\n\n\n<p>Entre los actos m\u00e1s destacados figuran el <strong>Festival C\u00e1ritas Parroquial<\/strong> y el <strong>Festival Kids<\/strong>, ambos el <strong>27 de diciembre<\/strong>, la celebraci\u00f3n de <strong>San Silvestre<\/strong>, actuaciones musicales como <strong>Gru 4<\/strong>, as\u00ed como el <strong>parque de hinchables y juegos de habilidad<\/strong> previsto para el <strong>3 de enero<\/strong> en la plaza Vicent Ribes.<\/p>\n\n\n\n<p>La programaci\u00f3n culminar\u00e1 el <strong>5 de enero<\/strong> con uno de los eventos m\u00e1s esperados, la <strong>Cabalgata de Reyes Magos<\/strong>, que recorrer\u00e1 las calles del municipio poniendo el broche final a unas fiestas llenas de ilusi\u00f3n.<\/p>\n\n\n\n<p>Con esta agenda, Tur\u00eds apuesta un a\u00f1o m\u00e1s por una Navidad participativa, cultural y familiar, reforzando la convivencia y el esp\u00edritu festivo en el municipio.<\/p>\n\n\n\n<figure class=\"wp-block-image size-large is-resized\"><img loading=\"lazy\" decoding=\"async\" width=\"819\" height=\"1024\" src=\"https:\/\/www.tucomarca.com\/wordpress\/segunda\/wp-content\/uploads\/2025\/12\/TUrisTalleresNavidad-819x1024.jpg\" alt=\"\" class=\"wp-image-288053\" style=\"width:628px;height:auto\" srcset=\"https:\/\/www.tucomarca.com\/wordpress\/segunda\/wp-content\/uploads\/2025\/12\/TUrisTalleresNavidad-819x1024.jpg 819w, https:\/\/www.tucomarca.com\/wordpress\/segunda\/wp-content\/uploads\/2025\/12\/TUrisTalleresNavidad-240x300.jpg 240w, https:\/\/www.tucomarca.com\/wordpress\/segunda\/wp-content\/uploads\/2025\/12\/TUrisTalleresNavidad-768x960.jpg 768w, https:\/\/www.tucomarca.com\/wordpress\/segunda\/wp-content\/uploads\/2025\/12\/TUrisTalleresNavidad.jpg 1080w\" sizes=\"auto, (max-width: 819px) 100vw, 819px\" \/><\/figure>\n","protected":false},"excerpt":{"rendered":"<div class=\"mh-excerpt\">El Ayuntamiento de Tur\u00eds ha dado a conocer la Agenda Navide\u00f1a 2025-2026, una completa programaci\u00f3n de actividades que se desarrollar\u00e1 entre los meses de diciembre y enero y que est\u00e1 pensada para todos los p\u00fablicos. <a class=\"mh-excerpt-more\" href=\"https:\/\/www.tucomarca.com\/wordpress\/segunda\/turis-presenta-su-agenda-navidena-2025-2026-con-una-amplia-programacion-cultural-y-festiva\/\" title=\"Tur\u00eds presenta su Agenda Navide\u00f1a 2025-2026 con una amplia programaci\u00f3n cultural y festiva\">[+] <\/a><\/div>\n","protected":false},"author":12,"featured_media":288059,"comment_status":"open","ping_status":"open","sticky":false,"template":"","format":"standard","meta":{"footnotes":""},"categories":[4,8,42,7,3,43],"tags":[23546,23409,1407,10394],"class_list":{"0":"post-288039","1":"post","2":"type-post","3":"status-publish","4":"format-standard","5":"has-post-thumbnail","7":"category-agenda","8":"category-la-comarca","9":"category-la-ribera","10":"category-ocio-y-cultura","11":"category-seccion","12":"category-turis","13":"tag-agenda-navidena","14":"tag-navidad-2025","15":"tag-ribera-alta","16":"tag-turis"},"_links":{"self":[{"href":"https:\/\/www.tucomarca.com\/wordpress\/segunda\/wp-json\/wp\/v2\/posts\/288039","targetHints":{"allow":["GET"]}}],"collection":[{"href":"https:\/\/www.tucomarca.com\/wordpress\/segunda\/wp-json\/wp\/v2\/posts"}],"about":[{"href":"https:\/\/www.tucomarca.com\/wordpress\/segunda\/wp-json\/wp\/v2\/types\/post"}],"author":[{"embeddable":true,"href":"https:\/\/www.tucomarca.com\/wordpress\/segunda\/wp-json\/wp\/v2\/users\/12"}],"replies":[{"embeddable":true,"href":"https:\/\/www.tucomarca.com\/wordpress\/segunda\/wp-json\/wp\/v2\/comments?post=288039"}],"version-history":[{"count":0,"href":"https:\/\/www.tucomarca.com\/wordpress\/segunda\/wp-json\/wp\/v2\/posts\/288039\/revisions"}],"wp:featuredmedia":[{"embeddable":true,"href":"https:\/\/www.tucomarca.com\/wordpress\/segunda\/wp-json\/wp\/v2\/media\/288059"}],"wp:attachment":[{"href":"https:\/\/www.tucomarca.com\/wordpress\/segunda\/wp-json\/wp\/v2\/media?parent=288039"}],"wp:term":[{"taxonomy":"category","embeddable":true,"href":"https:\/\/www.tucomarca.com\/wordpress\/segunda\/wp-json\/wp\/v2\/categories?post=288039"},{"taxonomy":"post_tag","embeddable":true,"href":"https:\/\/www.tucomarca.com\/wordpress\/segunda\/wp-json\/wp\/v2\/tags?post=288039"}],"curies":[{"name":"wp","href":"https:\/\/api.w.org\/{rel}","templated":true}]}}