{"id":288120,"date":"2025-12-17T12:00:00","date_gmt":"2025-12-17T11:00:00","guid":{"rendered":"https:\/\/www.tucomarca.com\/wordpress\/segunda\/?p=288120"},"modified":"2025-12-17T13:23:31","modified_gmt":"2025-12-17T12:23:31","slug":"la-linea-c3-de-cercanias-de-valencia-a-punto-para-recuperar-el-servicio-ferroviario-hasta-bunol","status":"publish","type":"post","link":"https:\/\/www.tucomarca.com\/wordpress\/segunda\/la-linea-c3-de-cercanias-de-valencia-a-punto-para-recuperar-el-servicio-ferroviario-hasta-bunol\/","title":{"rendered":"La l\u00ednea C3 de Cercan\u00edas de Valencia, a punto para recuperar el servicio ferroviario hasta Bu\u00f1ol"},"content":{"rendered":"\n<p>Durante la ma\u00f1ana de este martes se ha realizado un recorrido de reconocimiento de la l\u00ednea C3 de Cercan\u00edas Valencia hasta Bu\u00f1ol, una vez finalizados los trabajos de restauraci\u00f3n tras los graves da\u00f1os ocasionados por la DANA hace algo m\u00e1s de un a\u00f1o.<\/p>\n\n\n\n<p>Hasta ahora, la circulaci\u00f3n ferroviaria se limitaba al tramo hasta Loriguilla-Reva, ampli\u00e1ndose de manera excepcional hasta el Circuito Ricardo Tormo con motivo del Mundial de Motociclismo. Con la realizaci\u00f3n de estas pruebas t\u00e9cnicas, el tramo comprendido entre Loriguilla-Reva y Bu\u00f1ol queda a un paso de recuperar el servicio comercial regular.<\/p>\n\n\n\n<p>El recorrido se ha efectuado con el veh\u00edculo 592-009-5 y ha servido para comprobar el estado de la infraestructura y las condiciones de seguridad de la l\u00ednea, un tr\u00e1mite imprescindible antes de la reapertura definitiva al tr\u00e1fico de viajeros de este tramo de la C3.<\/p>\n","protected":false},"excerpt":{"rendered":"<div class=\"mh-excerpt\">Durante la ma\u00f1ana de este martes se ha realizado un recorrido de reconocimiento de la l\u00ednea C3 de Cercan\u00edas Valencia hasta Bu\u00f1ol, una vez finalizados los trabajos de restauraci\u00f3n tras los graves da\u00f1os ocasionados por <a class=\"mh-excerpt-more\" href=\"https:\/\/www.tucomarca.com\/wordpress\/segunda\/la-linea-c3-de-cercanias-de-valencia-a-punto-para-recuperar-el-servicio-ferroviario-hasta-bunol\/\" title=\"La l\u00ednea C3 de Cercan\u00edas de Valencia, a punto para recuperar el servicio ferroviario hasta Bu\u00f1ol\">[+] <\/a><\/div>\n","protected":false},"author":1,"featured_media":127313,"comment_status":"open","ping_status":"open","sticky":false,"template":"","format":"standard","meta":{"footnotes":""},"categories":[18,21465,128,8,72,10,117,142,3,116,45],"tags":[10385,14109,5952,7349],"class_list":{"0":"post-288120","1":"post","2":"type-post","3":"status-publish","4":"format-standard","5":"has-post-thumbnail","7":"category-bunol","8":"category-dana","9":"category-infraestructuras","10":"category-la-comarca","11":"category-sin-categorizar","12":"category-la-hoya","13":"category-medio-ambiente-la-comarca","14":"category-politica-la-comarca","15":"category-seccion","16":"category-sucesos-la-comarca","17":"category-ventana","18":"tag-bunol","19":"tag-cercanias-renfe","20":"tag-la-hoya-de-bunol-chiva","21":"tag-linea-c-3"},"_links":{"self":[{"href":"https:\/\/www.tucomarca.com\/wordpress\/segunda\/wp-json\/wp\/v2\/posts\/288120","targetHints":{"allow":["GET"]}}],"collection":[{"href":"https:\/\/www.tucomarca.com\/wordpress\/segunda\/wp-json\/wp\/v2\/posts"}],"about":[{"href":"https:\/\/www.tucomarca.com\/wordpress\/segunda\/wp-json\/wp\/v2\/types\/post"}],"author":[{"embeddable":true,"href":"https:\/\/www.tucomarca.com\/wordpress\/segunda\/wp-json\/wp\/v2\/users\/1"}],"replies":[{"embeddable":true,"href":"https:\/\/www.tucomarca.com\/wordpress\/segunda\/wp-json\/wp\/v2\/comments?post=288120"}],"version-history":[{"count":0,"href":"https:\/\/www.tucomarca.com\/wordpress\/segunda\/wp-json\/wp\/v2\/posts\/288120\/revisions"}],"wp:featuredmedia":[{"embeddable":true,"href":"https:\/\/www.tucomarca.com\/wordpress\/segunda\/wp-json\/wp\/v2\/media\/127313"}],"wp:attachment":[{"href":"https:\/\/www.tucomarca.com\/wordpress\/segunda\/wp-json\/wp\/v2\/media?parent=288120"}],"wp:term":[{"taxonomy":"category","embeddable":true,"href":"https:\/\/www.tucomarca.com\/wordpress\/segunda\/wp-json\/wp\/v2\/categories?post=288120"},{"taxonomy":"post_tag","embeddable":true,"href":"https:\/\/www.tucomarca.com\/wordpress\/segunda\/wp-json\/wp\/v2\/tags?post=288120"}],"curies":[{"name":"wp","href":"https:\/\/api.w.org\/{rel}","templated":true}]}}