{"id":288126,"date":"2025-12-16T11:15:00","date_gmt":"2025-12-16T10:15:00","guid":{"rendered":"https:\/\/www.tucomarca.com\/wordpress\/segunda\/?p=288126"},"modified":"2025-12-16T21:13:05","modified_gmt":"2025-12-16T20:13:05","slug":"la-mancomunidad-hoya-de-bunol-chiva-inicia-nuevas-acciones-de-sensibilizacion-en-salud-mental-en-adolescentes","status":"publish","type":"post","link":"https:\/\/www.tucomarca.com\/wordpress\/segunda\/la-mancomunidad-hoya-de-bunol-chiva-inicia-nuevas-acciones-de-sensibilizacion-en-salud-mental-en-adolescentes\/","title":{"rendered":"La Mancomunidad Hoya de Bu\u00f1ol-Chiva inicia nuevas acciones de sensibilizaci\u00f3n en salud mental en adolescentes"},"content":{"rendered":"\n<p>La Mancomunidad Hoya de Bu\u00f1ol Chiva, a trav\u00e9s de su \u00e1rea de Servicios Sociales inicia acciones de sensibilizaci\u00f3n en salud mental en el \u00e1mbito educativo con el desarrollo de una serie de talleres en el IES de Bu\u00f1ol, impartidos por la Federaci\u00f3n de Salud Mental.<\/p>\n\n\n\n<p>Estas actividades se enmarcan dentro de los programas de Promoci\u00f3n de la Autonom\u00eda Personal del \u00e1rea de Servicios Sociales, dirigidas tanto al alumnado como al profesorado y a las familias.&nbsp;<\/p>\n\n\n\n<p>El objetivo es fomentar el bienestar emocional, el autoconocimiento y una mejor comprensi\u00f3n de la salud mental durante la adolescencia.<\/p>\n\n\n\n<p>Las sesiones programadas se inicial charlas espec\u00edficas para profesorado y familias. El mi\u00e9rcoles 17 de diciembre se abordar\u00e1 la tem\u00e1tica de la salud mental en adolescentes y c\u00f3mo se relacionan, mientras que el jueves 18 de diciembre la sesi\u00f3n se centrar\u00e1 en el autoconocimiento y el autocuidado.<\/p>\n\n\n\n<p>Con esta iniciativa, la Mancomunidad refuerza su compromiso con la prevenci\u00f3n, la sensibilizaci\u00f3n y la promoci\u00f3n de la salud mental desde edades tempranas desarrollando un amplio programa de actividades en el que ha profundizado en la colaboraci\u00f3n con la Federaci\u00f3n de Salud Mental de la Comunidad Valenciana.<\/p>\n","protected":false},"excerpt":{"rendered":"<div class=\"mh-excerpt\">La Mancomunidad Hoya de Bu\u00f1ol Chiva, a trav\u00e9s de su \u00e1rea de Servicios Sociales inicia acciones de sensibilizaci\u00f3n en salud mental en el \u00e1mbito educativo con el desarrollo de una serie de talleres en el <a class=\"mh-excerpt-more\" href=\"https:\/\/www.tucomarca.com\/wordpress\/segunda\/la-mancomunidad-hoya-de-bunol-chiva-inicia-nuevas-acciones-de-sensibilizacion-en-salud-mental-en-adolescentes\/\" title=\"La Mancomunidad Hoya de Bu\u00f1ol-Chiva inicia nuevas acciones de sensibilizaci\u00f3n en salud mental en adolescentes\">[+] <\/a><\/div>\n","protected":false},"author":12,"featured_media":288128,"comment_status":"open","ping_status":"open","sticky":false,"template":"","format":"standard","meta":{"footnotes":""},"categories":[119,128,8,72,10,142,3,11],"tags":[5952,11513,10380],"class_list":{"0":"post-288126","1":"post","2":"type-post","3":"status-publish","4":"format-standard","5":"has-post-thumbnail","7":"category-sanidad-la-comarca","8":"category-infraestructuras","9":"category-la-comarca","10":"category-sin-categorizar","11":"category-la-hoya","12":"category-politica-la-comarca","13":"category-seccion","14":"category-yatova","15":"tag-la-hoya-de-bunol-chiva","16":"tag-mancomunidad-de-la-hoya-de-bunol-chiva","17":"tag-yatova"},"_links":{"self":[{"href":"https:\/\/www.tucomarca.com\/wordpress\/segunda\/wp-json\/wp\/v2\/posts\/288126","targetHints":{"allow":["GET"]}}],"collection":[{"href":"https:\/\/www.tucomarca.com\/wordpress\/segunda\/wp-json\/wp\/v2\/posts"}],"about":[{"href":"https:\/\/www.tucomarca.com\/wordpress\/segunda\/wp-json\/wp\/v2\/types\/post"}],"author":[{"embeddable":true,"href":"https:\/\/www.tucomarca.com\/wordpress\/segunda\/wp-json\/wp\/v2\/users\/12"}],"replies":[{"embeddable":true,"href":"https:\/\/www.tucomarca.com\/wordpress\/segunda\/wp-json\/wp\/v2\/comments?post=288126"}],"version-history":[{"count":0,"href":"https:\/\/www.tucomarca.com\/wordpress\/segunda\/wp-json\/wp\/v2\/posts\/288126\/revisions"}],"wp:featuredmedia":[{"embeddable":true,"href":"https:\/\/www.tucomarca.com\/wordpress\/segunda\/wp-json\/wp\/v2\/media\/288128"}],"wp:attachment":[{"href":"https:\/\/www.tucomarca.com\/wordpress\/segunda\/wp-json\/wp\/v2\/media?parent=288126"}],"wp:term":[{"taxonomy":"category","embeddable":true,"href":"https:\/\/www.tucomarca.com\/wordpress\/segunda\/wp-json\/wp\/v2\/categories?post=288126"},{"taxonomy":"post_tag","embeddable":true,"href":"https:\/\/www.tucomarca.com\/wordpress\/segunda\/wp-json\/wp\/v2\/tags?post=288126"}],"curies":[{"name":"wp","href":"https:\/\/api.w.org\/{rel}","templated":true}]}}