{"id":288167,"date":"2025-12-17T11:45:00","date_gmt":"2025-12-17T10:45:00","guid":{"rendered":"https:\/\/www.tucomarca.com\/wordpress\/segunda\/?p=288167"},"modified":"2025-12-17T19:25:59","modified_gmt":"2025-12-17T18:25:59","slug":"los-primeros-vinos-de-los-vinerones-do-utiel-requena-salen-al-mercado","status":"publish","type":"post","link":"https:\/\/www.tucomarca.com\/wordpress\/segunda\/los-primeros-vinos-de-los-vinerones-do-utiel-requena-salen-al-mercado\/","title":{"rendered":"Los primeros vinos de los vi\u00f1erones DO Utiel-Requena salen al mercado"},"content":{"rendered":"\n<p>Con la llegada al mercado de los primeros vinos Vi\u00f1er\u00f3n DO Utiel-Requena y las fiestas navide\u00f1as, la Denominaci\u00f3n de Origen Utiel-Requena ha presentado un nuevo v\u00eddeo para seguir dando a conocer este proyecto, que pone en valor a los 9 vi\u00f1erones que actualmente est\u00e1n inscritos.<\/p>\n\n\n\n<figure class=\"wp-block-image size-large\"><img loading=\"lazy\" decoding=\"async\" width=\"1024\" height=\"683\" src=\"https:\/\/www.tucomarca.com\/wordpress\/segunda\/wp-content\/uploads\/2025\/12\/DO_Vineron1-1024x683.jpg\" alt=\"\" class=\"wp-image-288199\" srcset=\"https:\/\/www.tucomarca.com\/wordpress\/segunda\/wp-content\/uploads\/2025\/12\/DO_Vineron1-1024x683.jpg 1024w, https:\/\/www.tucomarca.com\/wordpress\/segunda\/wp-content\/uploads\/2025\/12\/DO_Vineron1-300x200.jpg 300w, https:\/\/www.tucomarca.com\/wordpress\/segunda\/wp-content\/uploads\/2025\/12\/DO_Vineron1-768x512.jpg 768w, https:\/\/www.tucomarca.com\/wordpress\/segunda\/wp-content\/uploads\/2025\/12\/DO_Vineron1.jpg 1200w\" sizes=\"auto, (max-width: 1024px) 100vw, 1024px\" \/><\/figure>\n\n\n\n<p>Los primeros vinos con la distinci\u00f3n Vi\u00f1er\u00f3n DO Utiel-Requena son de las bodegas: Vinea Clausa, Escuadra Bodega y Vi\u00f1edos y Dussart Pedr\u00f3n, mientras que el resto de vi\u00f1erones sigue trabajando para sacar sus vinos pr\u00f3ximamente.<\/p>\n\n\n\n<p><strong>\u00bfQu\u00e9 es ser Vi\u00f1er\u00f3n DO Utiel-Requena?<\/strong><\/p>\n\n\n\n<p>Vi\u00f1er\u00f3n DO Utiel-Requena es la persona que gestiona de manera integral su proyecto vitivin\u00edcola, desde el cultivo del vi\u00f1edo hasta la elaboraci\u00f3n del vino y su comercializaci\u00f3n en distintos mercados. Es quien se encarga en primera persona de todas las fases del proceso, asegurando que cada decisi\u00f3n pasa por sus manos.<br>Esta figura, tradicional y profundamente ligada a la historia vitivin\u00edcola, ha sido reconocida oficialmente por la DO Utiel-Requena.<\/p>\n\n\n\n<figure class=\"wp-block-image size-large\"><img loading=\"lazy\" decoding=\"async\" width=\"1024\" height=\"683\" src=\"https:\/\/www.tucomarca.com\/wordpress\/segunda\/wp-content\/uploads\/2025\/12\/DO_Vineron3-1024x683.jpg\" alt=\"\" class=\"wp-image-288201\" srcset=\"https:\/\/www.tucomarca.com\/wordpress\/segunda\/wp-content\/uploads\/2025\/12\/DO_Vineron3-1024x683.jpg 1024w, https:\/\/www.tucomarca.com\/wordpress\/segunda\/wp-content\/uploads\/2025\/12\/DO_Vineron3-300x200.jpg 300w, https:\/\/www.tucomarca.com\/wordpress\/segunda\/wp-content\/uploads\/2025\/12\/DO_Vineron3-768x512.jpg 768w, https:\/\/www.tucomarca.com\/wordpress\/segunda\/wp-content\/uploads\/2025\/12\/DO_Vineron3.jpg 1200w\" sizes=\"auto, (max-width: 1024px) 100vw, 1024px\" \/><\/figure>\n\n\n\n<p>El v\u00eddeo pone rostro y voz a los nueve primeros vi\u00f1erones que han decidido formar parte de este registro, y cuenta con la participaci\u00f3n de Jos\u00e9 Miguel Medina, presidente de la DO Utiel-Requena, y Carmina C\u00e1rcel, secretaria de la DO. Fue grabado durante un encuentro para almorzar y compartir sus vinos en el emblem\u00e1tico Museo de Sisternas, un lugar lleno de historia que refleja el legado del factor humano a la vitivinicultura y a la vida rural en nuestra tierra.<\/p>\n\n\n\n<p>El v\u00eddeo muestra c\u00f3mo estos vi\u00f1erones combinan tradici\u00f3n, conocimiento y compromiso con la tierra para elaborar vinos con car\u00e1cter propio, aut\u00e9nticos y con alma. Cada botella refleja el origen, el respeto por el legado recibido y el esfuerzo de quienes est\u00e1n detr\u00e1s de cada vino.<\/p>\n\n\n\n<p>Los vi\u00f1erones que participan actualmente en esta iniciativa son: Benoit Dussart (Bodega Dussart Pedr\u00f3n), Pablo Carri\u00f3n (Escuadra Bodega y Vi\u00f1edos), Ricardo del Valle (Bodegas del Valle), Jos\u00e9 Luis Murciano (Bru &amp; JL Vineyards), H\u00e9ctor Monteagudo (Vinea Clausa), Joan G\u00f3mez Cort\u00e9s (Setvins de Muntanya), Rafael L\u00f3pez (Bodega Sexto Elemento), Carlos C\u00e1rcel (Bodegas Carlos C\u00e1rcel) y Alberto Pedr\u00f3n (Bodega Sentencia).<\/p>\n\n\n\n<p>El v\u00eddeo invita a conocer de cerca estos proyectos de vida, su forma de trabajar, y su filosof\u00eda.<\/p>\n","protected":false},"excerpt":{"rendered":"<div class=\"mh-excerpt\">Con la llegada al mercado de los primeros vinos Vi\u00f1er\u00f3n DO Utiel-Requena y las fiestas navide\u00f1as, la Denominaci\u00f3n de Origen Utiel-Requena ha presentado un nuevo v\u00eddeo para seguir dando a conocer este proyecto, que pone <a class=\"mh-excerpt-more\" href=\"https:\/\/www.tucomarca.com\/wordpress\/segunda\/los-primeros-vinos-de-los-vinerones-do-utiel-requena-salen-al-mercado\/\" title=\"Los primeros vinos de los vi\u00f1erones DO Utiel-Requena salen al mercado\">[+] <\/a><\/div>\n","protected":false},"author":12,"featured_media":288197,"comment_status":"open","ping_status":"open","sticky":false,"template":"","format":"standard","meta":{"footnotes":""},"categories":[113,8,7,28,27,3,29],"tags":[1422,10387,23559],"class_list":{"0":"post-288167","1":"post","2":"type-post","3":"status-publish","4":"format-standard","5":"has-post-thumbnail","7":"category-vinos","8":"category-la-comarca","9":"category-ocio-y-cultura","10":"category-requena","11":"category-requena-utiel","12":"category-seccion","13":"category-utiel","14":"tag-do-utiel-requena","15":"tag-requena-utiel","16":"tag-vinerones"},"_links":{"self":[{"href":"https:\/\/www.tucomarca.com\/wordpress\/segunda\/wp-json\/wp\/v2\/posts\/288167","targetHints":{"allow":["GET"]}}],"collection":[{"href":"https:\/\/www.tucomarca.com\/wordpress\/segunda\/wp-json\/wp\/v2\/posts"}],"about":[{"href":"https:\/\/www.tucomarca.com\/wordpress\/segunda\/wp-json\/wp\/v2\/types\/post"}],"author":[{"embeddable":true,"href":"https:\/\/www.tucomarca.com\/wordpress\/segunda\/wp-json\/wp\/v2\/users\/12"}],"replies":[{"embeddable":true,"href":"https:\/\/www.tucomarca.com\/wordpress\/segunda\/wp-json\/wp\/v2\/comments?post=288167"}],"version-history":[{"count":0,"href":"https:\/\/www.tucomarca.com\/wordpress\/segunda\/wp-json\/wp\/v2\/posts\/288167\/revisions"}],"wp:featuredmedia":[{"embeddable":true,"href":"https:\/\/www.tucomarca.com\/wordpress\/segunda\/wp-json\/wp\/v2\/media\/288197"}],"wp:attachment":[{"href":"https:\/\/www.tucomarca.com\/wordpress\/segunda\/wp-json\/wp\/v2\/media?parent=288167"}],"wp:term":[{"taxonomy":"category","embeddable":true,"href":"https:\/\/www.tucomarca.com\/wordpress\/segunda\/wp-json\/wp\/v2\/categories?post=288167"},{"taxonomy":"post_tag","embeddable":true,"href":"https:\/\/www.tucomarca.com\/wordpress\/segunda\/wp-json\/wp\/v2\/tags?post=288167"}],"curies":[{"name":"wp","href":"https:\/\/api.w.org\/{rel}","templated":true}]}}