{"id":288220,"date":"2025-12-17T13:25:00","date_gmt":"2025-12-17T12:25:00","guid":{"rendered":"https:\/\/www.tucomarca.com\/wordpress\/segunda\/?p=288220"},"modified":"2025-12-17T22:06:46","modified_gmt":"2025-12-17T21:06:46","slug":"regresan-los-contes-de-nadal-de-la-diputacio-de-valencia","status":"publish","type":"post","link":"https:\/\/www.tucomarca.com\/wordpress\/segunda\/regresan-los-contes-de-nadal-de-la-diputacio-de-valencia\/","title":{"rendered":"Regresan los &#8216;Contes de Nadal&#8217; de la Diputaci\u00f3 de Val\u00e8ncia\u00a0 \u00a0"},"content":{"rendered":"\n<h3 class=\"wp-block-heading\">La propuesta del departamento de Foment de l\u2019\u00das del Valenci\u00e0 de la corporaci\u00f3n provincial estrena nuevos episodios escritos por Vicent Borr\u00e0s, Irene Klein, Jovi Lozano-Seser y Lourdes Toledo.<\/h3>\n\n\n\n<h3 class=\"wp-block-heading\">&#8216;Un conte de Nadal&#8217;; &#8216;Els Reis i les cases&#8217;; &#8216;Les mandarines de Cap d\u2019Any&#8217;; y &#8216;A casa tots reneguen de Nadal, jo no&#8217; se han producido en formato podcast. Tambi\u00e9n se pueden leer a trav\u00e9s de los libros digitales, que est\u00e1n disponibles para descargar.<\/h3>\n\n\n\n<p>La Diputaci\u00f3 de Val\u00e8ncia lanza cuatro nuevos cuentos de Navidad en formato podcast y tambi\u00e9n en versi\u00f3n escrita digital que aportan una mirada valenciana y contempor\u00e1nea a la literatura navide\u00f1a. As\u00ed, la propuesta &#8216;Els Contes de Nadal&#8217; del departamento de Foment de l\u2019\u00das del Valenci\u00e0 de la corporaci\u00f3n provincial, a\u00f1ade a su biblioteca historias aut\u00e9nticas y sencillas recogidas en <em>Un conte de Nadal<\/em>, de Vicent Borr\u00e0s; <em>Els Reis i les cases<\/em>, d\u2019Irene Klein; <em>Les mandarines de Cap d\u2019Any<\/em>, de Jovi Lozano-Seser; y <em>A casa tots reneguen de Nadal, jo no<\/em>, de Lourdes Toledo.<\/p>\n\n\n\n<figure class=\"wp-block-gallery has-nested-images columns-3 is-cropped wp-block-gallery-1 is-layout-flex wp-block-gallery-is-layout-flex\">\n<figure class=\"wp-block-image size-large\"><img loading=\"lazy\" decoding=\"async\" width=\"886\" height=\"886\" data-id=\"288225\" src=\"https:\/\/www.tucomarca.com\/wordpress\/segunda\/wp-content\/uploads\/2025\/12\/DipuIRENEKLEIN_QUADRAT.jpg\" alt=\"\" class=\"wp-image-288225\" srcset=\"https:\/\/www.tucomarca.com\/wordpress\/segunda\/wp-content\/uploads\/2025\/12\/DipuIRENEKLEIN_QUADRAT.jpg 886w, https:\/\/www.tucomarca.com\/wordpress\/segunda\/wp-content\/uploads\/2025\/12\/DipuIRENEKLEIN_QUADRAT-300x300.jpg 300w, https:\/\/www.tucomarca.com\/wordpress\/segunda\/wp-content\/uploads\/2025\/12\/DipuIRENEKLEIN_QUADRAT-290x290.jpg 290w, https:\/\/www.tucomarca.com\/wordpress\/segunda\/wp-content\/uploads\/2025\/12\/DipuIRENEKLEIN_QUADRAT-768x768.jpg 768w\" sizes=\"auto, (max-width: 886px) 100vw, 886px\" \/><\/figure>\n\n\n\n<figure class=\"wp-block-image size-large\"><img loading=\"lazy\" decoding=\"async\" width=\"886\" height=\"886\" data-id=\"288227\" src=\"https:\/\/www.tucomarca.com\/wordpress\/segunda\/wp-content\/uploads\/2025\/12\/DipuJOVILOZANO_QUADRAT.jpg\" alt=\"\" class=\"wp-image-288227\" srcset=\"https:\/\/www.tucomarca.com\/wordpress\/segunda\/wp-content\/uploads\/2025\/12\/DipuJOVILOZANO_QUADRAT.jpg 886w, https:\/\/www.tucomarca.com\/wordpress\/segunda\/wp-content\/uploads\/2025\/12\/DipuJOVILOZANO_QUADRAT-300x300.jpg 300w, https:\/\/www.tucomarca.com\/wordpress\/segunda\/wp-content\/uploads\/2025\/12\/DipuJOVILOZANO_QUADRAT-290x290.jpg 290w, https:\/\/www.tucomarca.com\/wordpress\/segunda\/wp-content\/uploads\/2025\/12\/DipuJOVILOZANO_QUADRAT-768x768.jpg 768w\" sizes=\"auto, (max-width: 886px) 100vw, 886px\" \/><\/figure>\n\n\n\n<figure class=\"wp-block-image size-full\"><img loading=\"lazy\" decoding=\"async\" width=\"886\" height=\"886\" data-id=\"288223\" src=\"https:\/\/www.tucomarca.com\/wordpress\/segunda\/wp-content\/uploads\/2025\/12\/DipuVICENTBORRAS_QUADRAT.jpg\" alt=\"\" class=\"wp-image-288223\" srcset=\"https:\/\/www.tucomarca.com\/wordpress\/segunda\/wp-content\/uploads\/2025\/12\/DipuVICENTBORRAS_QUADRAT.jpg 886w, https:\/\/www.tucomarca.com\/wordpress\/segunda\/wp-content\/uploads\/2025\/12\/DipuVICENTBORRAS_QUADRAT-300x300.jpg 300w, https:\/\/www.tucomarca.com\/wordpress\/segunda\/wp-content\/uploads\/2025\/12\/DipuVICENTBORRAS_QUADRAT-290x290.jpg 290w, https:\/\/www.tucomarca.com\/wordpress\/segunda\/wp-content\/uploads\/2025\/12\/DipuVICENTBORRAS_QUADRAT-768x768.jpg 768w\" sizes=\"auto, (max-width: 886px) 100vw, 886px\" \/><\/figure>\n<\/figure>\n\n\n\n<p>Los relatos, locutados por Joan Espinosa y Rosa L\u00f3pez, se unen al abanico de profesionales de los otros cuentos de la serie, como Susanna Lliber\u00f3s, Clara Castell\u00f3, Enrique Pacheco, Joan Borja, Anna Mar\u00ed y Daniel Tormo. Adem\u00e1s, los cuentos est\u00e1n disponibles tambi\u00e9n para leer con los libros digitales descargables, con el fin de ampliar las posibilidades did\u00e1cticas de este recurso gratuito.&nbsp;<\/p>\n\n\n\n<p>Las ilustraciones de las car\u00e1tulas son un trabajo de la ilustradora Helga Ambak con un estilo delicado y tierno que conecta con la magia de la Navidad, y que se suma al trabajo realizado&nbsp; en otras ediciones por artistas como Jotak\u00e1 o Elga Fern\u00e1ndez. &nbsp;<\/p>\n\n\n\n<p>Los cuatro nuevos podcasts, editados por Joan Tur, se a\u00f1aden a los ya publicados de los escritores Enric Valor, Ernest Mart\u00ednez Ferrando, Maria Jes\u00fas Bolta, Teresa Broseta, Francesc Gisbert, Vicente Blasco Ib\u00e1\u00f1ez, Emilia Pardo-Baz\u00e1n o Carles Cano.<\/p>\n\n\n\n<p><strong>&#8216;Els Contes de Nadal&#8217;<\/strong><\/p>\n\n\n\n<p>El proyecto &#8216;Els Contes de Nadal&#8217; naci\u00f3 como parte del trabajo que el departamento de Foment de l\u2019\u00das del Valenci\u00e0 realiza para explorar nuevos \u00e1mbitos de comunicaci\u00f3n en valenciano, como son los podcasts, archivos sonoros que se pueden escuchar online desde plataformas radiof\u00f3nicas o bien descargarlos en dispositivos personales.&nbsp;<\/p>\n\n\n\n<p>Las historias se pueden escuchar en algunas de las plataformas m\u00e1s conocidas: iVoox, Amazon Music, Spotify, YouTube y Apple Podcasts; tambi\u00e9n leer con Calam\u00e9o, y descargar desde el portal <a href=\"https:\/\/www.dival.es\/va\/normalitzacio\/contes-de-nadal\">https: \/\/www.dival.es\/va\/normalitzacio\/contes-de-nadal<\/a><\/p>\n","protected":false},"excerpt":{"rendered":"<div class=\"mh-excerpt\">La propuesta del departamento de Foment de l\u2019\u00das del Valenci\u00e0 de la corporaci\u00f3n provincial estrena nuevos episodios escritos por Vicent Borr\u00e0s, Irene Klein, Jovi Lozano-Seser y Lourdes Toledo. &#8216;Un conte de Nadal&#8217;; &#8216;Els Reis i <a class=\"mh-excerpt-more\" href=\"https:\/\/www.tucomarca.com\/wordpress\/segunda\/regresan-los-contes-de-nadal-de-la-diputacio-de-valencia\/\" title=\"Regresan los &#8216;Contes de Nadal&#8217; de la Diputaci\u00f3 de Val\u00e8ncia\u00a0 \u00a0\">[+] <\/a><\/div>\n","protected":false},"author":12,"featured_media":288222,"comment_status":"open","ping_status":"open","sticky":false,"template":"","format":"standard","meta":{"footnotes":""},"categories":[4,128,8,72,7,3,45],"tags":[23563,3677],"class_list":{"0":"post-288220","1":"post","2":"type-post","3":"status-publish","4":"format-standard","5":"has-post-thumbnail","7":"category-agenda","8":"category-infraestructuras","9":"category-la-comarca","10":"category-sin-categorizar","11":"category-ocio-y-cultura","12":"category-seccion","13":"category-ventana","14":"tag-contes-de-nadal","15":"tag-diputacio-de-valencia"},"_links":{"self":[{"href":"https:\/\/www.tucomarca.com\/wordpress\/segunda\/wp-json\/wp\/v2\/posts\/288220","targetHints":{"allow":["GET"]}}],"collection":[{"href":"https:\/\/www.tucomarca.com\/wordpress\/segunda\/wp-json\/wp\/v2\/posts"}],"about":[{"href":"https:\/\/www.tucomarca.com\/wordpress\/segunda\/wp-json\/wp\/v2\/types\/post"}],"author":[{"embeddable":true,"href":"https:\/\/www.tucomarca.com\/wordpress\/segunda\/wp-json\/wp\/v2\/users\/12"}],"replies":[{"embeddable":true,"href":"https:\/\/www.tucomarca.com\/wordpress\/segunda\/wp-json\/wp\/v2\/comments?post=288220"}],"version-history":[{"count":0,"href":"https:\/\/www.tucomarca.com\/wordpress\/segunda\/wp-json\/wp\/v2\/posts\/288220\/revisions"}],"wp:featuredmedia":[{"embeddable":true,"href":"https:\/\/www.tucomarca.com\/wordpress\/segunda\/wp-json\/wp\/v2\/media\/288222"}],"wp:attachment":[{"href":"https:\/\/www.tucomarca.com\/wordpress\/segunda\/wp-json\/wp\/v2\/media?parent=288220"}],"wp:term":[{"taxonomy":"category","embeddable":true,"href":"https:\/\/www.tucomarca.com\/wordpress\/segunda\/wp-json\/wp\/v2\/categories?post=288220"},{"taxonomy":"post_tag","embeddable":true,"href":"https:\/\/www.tucomarca.com\/wordpress\/segunda\/wp-json\/wp\/v2\/tags?post=288220"}],"curies":[{"name":"wp","href":"https:\/\/api.w.org\/{rel}","templated":true}]}}