{"id":288293,"date":"2025-12-18T11:00:00","date_gmt":"2025-12-18T10:00:00","guid":{"rendered":"https:\/\/www.tucomarca.com\/wordpress\/segunda\/?p=288293"},"modified":"2025-12-18T18:19:38","modified_gmt":"2025-12-18T17:19:38","slug":"covinas-celebra-la-designacion-de-requena-como-ciudad-espanola-del-vino-2026","status":"publish","type":"post","link":"https:\/\/www.tucomarca.com\/wordpress\/segunda\/covinas-celebra-la-designacion-de-requena-como-ciudad-espanola-del-vino-2026\/","title":{"rendered":"Covi\u00f1as celebra la designaci\u00f3n de Requena como\u00a0 Ciudad Espa\u00f1ola del Vino 2026"},"content":{"rendered":"\n<h3 class=\"wp-block-heading\">La bodega, l\u00edder de la DO Utiel Requena, pone en valor el impulso que supone para la promoci\u00f3n de los vinos y cavas que nacen en esta tierra de tradici\u00f3n vitivin\u00edcola milenaria.<\/h3>\n\n\n\n<p><strong>Covi\u00f1as <\/strong>se suma a la celebraci\u00f3n del nombramiento de<strong> Requena <\/strong>como<strong> Ciudad Espa\u00f1ola del Vino 2026, <\/strong>que otorga con car\u00e1cter anual la<strong> Asociaci\u00f3n Espa\u00f1ola de Ciudades del Vino (ACEV\u00cdN). <\/strong>Esta designaci\u00f3n supone un impulso a la promoci\u00f3n de los vinos y cavas de esta localidad y una invitaci\u00f3n a visitar, explorar y conocer la tradici\u00f3n milenaria vitivin\u00edcola de esta tierra, su cultura, su historia, su gastronom\u00eda, su patrimonio y sus gentes.<\/p>\n\n\n<div class=\"wp-block-image\">\n<figure class=\"alignleft size-large is-resized\"><img loading=\"lazy\" decoding=\"async\" width=\"768\" height=\"1024\" src=\"https:\/\/www.tucomarca.com\/wordpress\/segunda\/wp-content\/uploads\/2025\/12\/EnterizoCovinas-768x1024.jpg\" alt=\"\" class=\"wp-image-288297\" style=\"width:266px;height:auto\" srcset=\"https:\/\/www.tucomarca.com\/wordpress\/segunda\/wp-content\/uploads\/2025\/12\/EnterizoCovinas-768x1024.jpg 768w, https:\/\/www.tucomarca.com\/wordpress\/segunda\/wp-content\/uploads\/2025\/12\/EnterizoCovinas-225x300.jpg 225w, https:\/\/www.tucomarca.com\/wordpress\/segunda\/wp-content\/uploads\/2025\/12\/EnterizoCovinas-1152x1536.jpg 1152w, https:\/\/www.tucomarca.com\/wordpress\/segunda\/wp-content\/uploads\/2025\/12\/EnterizoCovinas-1536x2048.jpg 1536w, https:\/\/www.tucomarca.com\/wordpress\/segunda\/wp-content\/uploads\/2025\/12\/EnterizoCovinas-scaled.jpg 1920w\" sizes=\"auto, (max-width: 768px) 100vw, 768px\" \/><\/figure>\n<\/div>\n\n\n<p>Covi\u00f1as brinda por un 2026 que quedar\u00e1 marcado en la historia de este municipio. Las m\u00e1s de 3.000 familias que forman esta bodega, l\u00edder de la DO Utiel-Requena y miembro de la Asociaci\u00f3n de Elaboradores de Cava de Requena, destacan esta oportunidad para para promocionar la excelente calidad y diversidad de sus vinos y cavas. Una calidad y diversidad que definen las distintas gamas que nacen desde el respeto a la tradici\u00f3n, al legado y al origen, apostando por la innovaci\u00f3n para dirigirse a todo tipo de consumidores. Esa es su vocaci\u00f3n: elaborar vinos para todos desde un trabajo comprometido con la tierra, el consumidor y la evoluci\u00f3n del sector.&nbsp;<\/p>\n\n\n\n<p>El compromiso con las personas y la comunidad es se\u00f1a de identidad de esta bodega cooperativa, motor socioecon\u00f3mico de este territorio. Y en este sentido, desde Covi\u00f1as destacan que ser <strong>Ciudad Espa\u00f1ola del Vino<\/strong> supone un impacto positivo global en el futuro de Requena, contribuyendo a atraer la mirada de los j\u00f3venes hacia un sector cuya viabilidad depende en gran parte del relevo generacional. Ellos son clave para seguir escribiendo la historia de este singular territorio que se remonta a m\u00e1s de 2.500 a\u00f1os atr\u00e1s.<\/p>\n\n\n\n<p><strong>Jorge Srougi<\/strong>, <strong>director general de Covi\u00f1as<\/strong>, ha felicitado a todos los que forman parte del sector en esta localidad, as\u00ed como a todos los vecinos, y les ha animado a sumarse a esta celebraci\u00f3n ya que <em>\u201cEste reconocimiento nos ofrece una excelente oportunidad para dar a conocer la identidad vitivin\u00edcola de Requena. Un nombramiento que supone un gran impulso para nuestro sector y para el desarrollo sostenible de nuestro territorio y nuestras gentes y especialmente para poner en valor a nuestros agricultores que con gran esfuerzo, dedicaci\u00f3n y pasi\u00f3n cultivan nuestros vi\u00f1edos\u201d.<\/em><\/p>\n","protected":false},"excerpt":{"rendered":"<div class=\"mh-excerpt\">La bodega, l\u00edder de la DO Utiel Requena, pone en valor el impulso que supone para la promoci\u00f3n de los vinos y cavas que nacen en esta tierra de tradici\u00f3n vitivin\u00edcola milenaria. Covi\u00f1as se suma <a class=\"mh-excerpt-more\" href=\"https:\/\/www.tucomarca.com\/wordpress\/segunda\/covinas-celebra-la-designacion-de-requena-como-ciudad-espanola-del-vino-2026\/\" title=\"Covi\u00f1as celebra la designaci\u00f3n de Requena como\u00a0 Ciudad Espa\u00f1ola del Vino 2026\">[+] <\/a><\/div>\n","protected":false},"author":12,"featured_media":288295,"comment_status":"open","ping_status":"open","sticky":false,"template":"","format":"standard","meta":{"footnotes":""},"categories":[113,8,7,28,27,3],"tags":[20588,10388,10387],"class_list":{"0":"post-288293","1":"post","2":"type-post","3":"status-publish","4":"format-standard","5":"has-post-thumbnail","7":"category-vinos","8":"category-la-comarca","9":"category-ocio-y-cultura","10":"category-requena","11":"category-requena-utiel","12":"category-seccion","13":"tag-bodegas-covinas","14":"tag-requena","15":"tag-requena-utiel"},"_links":{"self":[{"href":"https:\/\/www.tucomarca.com\/wordpress\/segunda\/wp-json\/wp\/v2\/posts\/288293","targetHints":{"allow":["GET"]}}],"collection":[{"href":"https:\/\/www.tucomarca.com\/wordpress\/segunda\/wp-json\/wp\/v2\/posts"}],"about":[{"href":"https:\/\/www.tucomarca.com\/wordpress\/segunda\/wp-json\/wp\/v2\/types\/post"}],"author":[{"embeddable":true,"href":"https:\/\/www.tucomarca.com\/wordpress\/segunda\/wp-json\/wp\/v2\/users\/12"}],"replies":[{"embeddable":true,"href":"https:\/\/www.tucomarca.com\/wordpress\/segunda\/wp-json\/wp\/v2\/comments?post=288293"}],"version-history":[{"count":0,"href":"https:\/\/www.tucomarca.com\/wordpress\/segunda\/wp-json\/wp\/v2\/posts\/288293\/revisions"}],"wp:featuredmedia":[{"embeddable":true,"href":"https:\/\/www.tucomarca.com\/wordpress\/segunda\/wp-json\/wp\/v2\/media\/288295"}],"wp:attachment":[{"href":"https:\/\/www.tucomarca.com\/wordpress\/segunda\/wp-json\/wp\/v2\/media?parent=288293"}],"wp:term":[{"taxonomy":"category","embeddable":true,"href":"https:\/\/www.tucomarca.com\/wordpress\/segunda\/wp-json\/wp\/v2\/categories?post=288293"},{"taxonomy":"post_tag","embeddable":true,"href":"https:\/\/www.tucomarca.com\/wordpress\/segunda\/wp-json\/wp\/v2\/tags?post=288293"}],"curies":[{"name":"wp","href":"https:\/\/api.w.org\/{rel}","templated":true}]}}