{"id":288510,"date":"2025-12-22T11:00:00","date_gmt":"2025-12-22T10:00:00","guid":{"rendered":"https:\/\/www.tucomarca.com\/wordpress\/segunda\/?p=288510"},"modified":"2025-12-22T12:24:05","modified_gmt":"2025-12-22T11:24:05","slug":"un-guardia-civil-rescata-a-un-bebe-encerrado-en-un-coche-en-el-aparcamiento-del-centro-comercial-bonaire","status":"publish","type":"post","link":"https:\/\/www.tucomarca.com\/wordpress\/segunda\/un-guardia-civil-rescata-a-un-bebe-encerrado-en-un-coche-en-el-aparcamiento-del-centro-comercial-bonaire\/","title":{"rendered":"Un guardia civil rescata a un beb\u00e9 encerrado en un coche en el aparcamiento del Centro Comercial Bonaire"},"content":{"rendered":"\n<h3 class=\"wp-block-heading\">La madre dej\u00f3 las llaves dentro del veh\u00edculo y, sin querer, cerr\u00f3 la puerta.<\/h3>\n\n\n\n<p>Un guardia civil logra abrir el veh\u00edculo en el que un beb\u00e9 de un a\u00f1o se encontraba encerrado. La madre, que cerr\u00f3 accidentalmente el veh\u00edculo, no pudo abrirlo y pidi\u00f3 ayuda a los guardias civiles. Uno de ellos fractura el cristal del lado m\u00e1s alejado y consigue rescatarlo ileso.\u00a0<\/p>\n\n\n\n<p>Los hechos tuvieron lugar el pasado 12 de diciembre, sobre las 14,00 horas, cuando una mujer se encontraba en el aparcamiento del centro comercial Bonaire, en Aldaia. En un momento dado, cerr\u00f3 accidentalmente la puerta habiendo dejado en el interior del veh\u00edculo las llaves y a su hijo de un a\u00f1o. En ese momento alert\u00f3 a los servicios de emergencia.\u00a0<\/p>\n\n\n\n<p>Al poco, llegaron los guardias civiles, que tras evaluar la situaci\u00f3n fracturaron un cristal alejado del ni\u00f1o, desde el que pudieron acceder a la palanca de apertura y rescatar al menor indemne.&nbsp;<\/p>\n\n\n\n<p>La actuaci\u00f3n ha sido llevada a cabo por agentes del Puesto Principal de Aldaia.&nbsp;<\/p>\n","protected":false},"excerpt":{"rendered":"<div class=\"mh-excerpt\">La madre dej\u00f3 las llaves dentro del veh\u00edculo y, sin querer, cerr\u00f3 la puerta. Un guardia civil logra abrir el veh\u00edculo en el que un beb\u00e9 de un a\u00f1o se encontraba encerrado. La madre, que <a class=\"mh-excerpt-more\" href=\"https:\/\/www.tucomarca.com\/wordpress\/segunda\/un-guardia-civil-rescata-a-un-bebe-encerrado-en-un-coche-en-el-aparcamiento-del-centro-comercial-bonaire\/\" title=\"Un guardia civil rescata a un beb\u00e9 encerrado en un coche en el aparcamiento del Centro Comercial Bonaire\">[+] <\/a><\/div>\n","protected":false},"author":12,"featured_media":288512,"comment_status":"open","ping_status":"open","sticky":false,"template":"","format":"standard","meta":{"footnotes":""},"categories":[8,72,3,116,45],"tags":[23123,1098,2142],"class_list":{"0":"post-288510","1":"post","2":"type-post","3":"status-publish","4":"format-standard","5":"has-post-thumbnail","7":"category-la-comarca","8":"category-sin-categorizar","9":"category-seccion","10":"category-sucesos-la-comarca","11":"category-ventana","12":"tag-centro-comercial-bonaire","13":"tag-guardia-civil","14":"tag-la-comunitat"},"_links":{"self":[{"href":"https:\/\/www.tucomarca.com\/wordpress\/segunda\/wp-json\/wp\/v2\/posts\/288510","targetHints":{"allow":["GET"]}}],"collection":[{"href":"https:\/\/www.tucomarca.com\/wordpress\/segunda\/wp-json\/wp\/v2\/posts"}],"about":[{"href":"https:\/\/www.tucomarca.com\/wordpress\/segunda\/wp-json\/wp\/v2\/types\/post"}],"author":[{"embeddable":true,"href":"https:\/\/www.tucomarca.com\/wordpress\/segunda\/wp-json\/wp\/v2\/users\/12"}],"replies":[{"embeddable":true,"href":"https:\/\/www.tucomarca.com\/wordpress\/segunda\/wp-json\/wp\/v2\/comments?post=288510"}],"version-history":[{"count":0,"href":"https:\/\/www.tucomarca.com\/wordpress\/segunda\/wp-json\/wp\/v2\/posts\/288510\/revisions"}],"wp:featuredmedia":[{"embeddable":true,"href":"https:\/\/www.tucomarca.com\/wordpress\/segunda\/wp-json\/wp\/v2\/media\/288512"}],"wp:attachment":[{"href":"https:\/\/www.tucomarca.com\/wordpress\/segunda\/wp-json\/wp\/v2\/media?parent=288510"}],"wp:term":[{"taxonomy":"category","embeddable":true,"href":"https:\/\/www.tucomarca.com\/wordpress\/segunda\/wp-json\/wp\/v2\/categories?post=288510"},{"taxonomy":"post_tag","embeddable":true,"href":"https:\/\/www.tucomarca.com\/wordpress\/segunda\/wp-json\/wp\/v2\/tags?post=288510"}],"curies":[{"name":"wp","href":"https:\/\/api.w.org\/{rel}","templated":true}]}}