{"id":288681,"date":"2025-12-22T09:50:00","date_gmt":"2025-12-22T08:50:00","guid":{"rendered":"https:\/\/www.tucomarca.com\/wordpress\/segunda\/?p=288681"},"modified":"2025-12-22T21:19:15","modified_gmt":"2025-12-22T20:19:15","slug":"alborache-acoge-un-concierto-lirico-de-navidad-con-arantxa-pons-y-el-coro-de-la-escuela-la-primitiva","status":"publish","type":"post","link":"https:\/\/www.tucomarca.com\/wordpress\/segunda\/alborache-acoge-un-concierto-lirico-de-navidad-con-arantxa-pons-y-el-coro-de-la-escuela-la-primitiva\/","title":{"rendered":"Alborache acoge un Concierto L\u00edrico de Navidad con Arantxa Pons y el Coro de la Escuela \u201cLa Primitiva\u201d"},"content":{"rendered":"\n<p>El municipio de Alborache celebrar\u00e1 la Navidad con un Concierto L\u00edrico el pr\u00f3ximo <strong>s\u00e1bado 27 de diciembre, a las 19,00 horas<\/strong>, en el sal\u00f3n de actos de la SIM \u00abLa Primitiva\u00bb, bajo el t\u00edtulo <em>\u201cVoces que iluminan la Navidad\u201d<\/em>.<\/p>\n\n\n\n<p>El recital contar\u00e1 con la participaci\u00f3n de la reconocida soprano <strong>Arantxa Pons<\/strong>, acompa\u00f1ada por el <strong>Coro de la Escuela \u201cLa Primitiva\u201d<\/strong>, en una propuesta musical que combinar\u00e1 lirismo y esp\u00edritu navide\u00f1o, pensada para todos los p\u00fablicos.<\/p>\n\n\n\n<p>El evento est\u00e1 organizado por la Sociedad Instructiva Musical \u201cLa Primitiva\u201d de Alborache, con la colaboraci\u00f3n del Ayuntamiento de Alborache, y se enmarca dentro de las actividades culturales impulsadas con el apoyo del Pacto de Estado contra la Violencia de G\u00e9nero y el Ministerio de Igualdad.<\/p>\n\n\n\n<p>Con esta iniciativa, Alborache refuerza su programaci\u00f3n cultural navide\u00f1a y pone en valor la m\u00fasica y el talento art\u00edstico como elementos de encuentro y convivencia durante estas fechas se\u00f1aladas.<\/p>\n","protected":false},"excerpt":{"rendered":"<div class=\"mh-excerpt\">El municipio de Alborache celebrar\u00e1 la Navidad con un Concierto L\u00edrico el pr\u00f3ximo s\u00e1bado 27 de diciembre, a las 19,00 horas, en el sal\u00f3n de actos de la SIM \u00abLa Primitiva\u00bb, bajo el t\u00edtulo \u201cVoces <a class=\"mh-excerpt-more\" href=\"https:\/\/www.tucomarca.com\/wordpress\/segunda\/alborache-acoge-un-concierto-lirico-de-navidad-con-arantxa-pons-y-el-coro-de-la-escuela-la-primitiva\/\" title=\"Alborache acoge un Concierto L\u00edrico de Navidad con Arantxa Pons y el Coro de la Escuela \u201cLa Primitiva\u201d\">[+] <\/a><\/div>\n","protected":false},"author":12,"featured_media":288683,"comment_status":"open","ping_status":"open","sticky":false,"template":"","format":"standard","meta":{"footnotes":""},"categories":[4,19,66,8,10,7,3],"tags":[10386,5952],"class_list":{"0":"post-288681","1":"post","2":"type-post","3":"status-publish","4":"format-standard","5":"has-post-thumbnail","7":"category-agenda","8":"category-alborache","9":"category-musica","10":"category-la-comarca","11":"category-la-hoya","12":"category-ocio-y-cultura","13":"category-seccion","14":"tag-alborache","15":"tag-la-hoya-de-bunol-chiva"},"_links":{"self":[{"href":"https:\/\/www.tucomarca.com\/wordpress\/segunda\/wp-json\/wp\/v2\/posts\/288681","targetHints":{"allow":["GET"]}}],"collection":[{"href":"https:\/\/www.tucomarca.com\/wordpress\/segunda\/wp-json\/wp\/v2\/posts"}],"about":[{"href":"https:\/\/www.tucomarca.com\/wordpress\/segunda\/wp-json\/wp\/v2\/types\/post"}],"author":[{"embeddable":true,"href":"https:\/\/www.tucomarca.com\/wordpress\/segunda\/wp-json\/wp\/v2\/users\/12"}],"replies":[{"embeddable":true,"href":"https:\/\/www.tucomarca.com\/wordpress\/segunda\/wp-json\/wp\/v2\/comments?post=288681"}],"version-history":[{"count":0,"href":"https:\/\/www.tucomarca.com\/wordpress\/segunda\/wp-json\/wp\/v2\/posts\/288681\/revisions"}],"wp:featuredmedia":[{"embeddable":true,"href":"https:\/\/www.tucomarca.com\/wordpress\/segunda\/wp-json\/wp\/v2\/media\/288683"}],"wp:attachment":[{"href":"https:\/\/www.tucomarca.com\/wordpress\/segunda\/wp-json\/wp\/v2\/media?parent=288681"}],"wp:term":[{"taxonomy":"category","embeddable":true,"href":"https:\/\/www.tucomarca.com\/wordpress\/segunda\/wp-json\/wp\/v2\/categories?post=288681"},{"taxonomy":"post_tag","embeddable":true,"href":"https:\/\/www.tucomarca.com\/wordpress\/segunda\/wp-json\/wp\/v2\/tags?post=288681"}],"curies":[{"name":"wp","href":"https:\/\/api.w.org\/{rel}","templated":true}]}}