{"id":288731,"date":"2025-12-23T10:45:00","date_gmt":"2025-12-23T09:45:00","guid":{"rendered":"https:\/\/www.tucomarca.com\/wordpress\/segunda\/?p=288731"},"modified":"2025-12-23T20:41:02","modified_gmt":"2025-12-23T19:41:02","slug":"godelleta-tendra-un-campo-de-futbol-100-ecologico-y-reciclable","status":"publish","type":"post","link":"https:\/\/www.tucomarca.com\/wordpress\/segunda\/godelleta-tendra-un-campo-de-futbol-100-ecologico-y-reciclable\/","title":{"rendered":"Godelleta tendr\u00e1 un campo de f\u00fatbol 100% ecol\u00f3gico y reciclable"},"content":{"rendered":"\n<h3 class=\"wp-block-heading\">Un proyecto pionero que nace para reformar una de las instalaciones de Godelleta gravemente afectadas por la DANA.<\/h3>\n\n\n\n<p>El Ayuntamiento de Godelleta se encuentra en la fase final de las obras de reforma integral del campo de f\u00fatbol municipal, que hab\u00eda quedado gravemente da\u00f1ado por la DANA. La actuaci\u00f3n, gestionada mediante la subvenci\u00f3n del Ministerio de Pol\u00edtica Territorial y Memoria Democr\u00e1tica, permitir\u00e1 dotar al municipio de unas instalaciones deportivas completamente ecol\u00f3gicas y reciclables.<br>El nuevo campo de f\u00fatbol ser\u00e1 pionero en contar con un sistema totalmente innovador, que incluye una base el\u00e1stica reciclable de \u00faltima generaci\u00f3n, resuelta con losetas de 23 mm de espesor dise\u00f1ada para garantizar la seguridad y amortiguar la pisada, as\u00ed como un sistema novedoso y reciclable que permitir\u00e1 un juego de primera.<br>La alcaldesa de Godelleta, Amparo Pardo, ha subrayado: \u201cEste proyecto es un orgullo para nuestro municipio, porque demuestra que podemos cambiar una situaci\u00f3n dif\u00edcil, como los da\u00f1os provocados por la DANA, en una oportunidad para avanzar hacia un futuro m\u00e1s sostenible y seguro para la ciudadan\u00eda\u201d.<br>El c\u00e9sped, totalmente sostenible y recuperable, se est\u00e1 instalando con relleno org\u00e1nico, eliminando cualquier presencia de micropl\u00e1sticos y adelant\u00e1ndose a la normativa europea que entrar\u00e1 en vigor en 2031. Es de 44 mm, de alta densidad y de un hilo que combina monofilamento y fibrilado sobre una base de fieltro, cumpliendo los par\u00e1metros m\u00e1s exigentes de la Uni\u00f3n Europea y de la FIFA.<br>El relleno sobre el c\u00e9sped para un perfecto rendimiento t\u00e9cnico se resuelve a base de virutas de mazorca de ma\u00edz, por tratarse del relleno m\u00e1s natural que existe en el mercado, a la vez que sostenible. Todo el proyecto se enmarca en las l\u00edneas de los Objetivos de Desarrollo Sostenible (ODS) marcados por la Uni\u00f3n Europea, implementando innovaci\u00f3n medioambiental aplicada al deporte.<br>Adem\u00e1s se dotar\u00e1 a todo el per\u00edmetro del campo de f\u00fatbol de un acolchado para proteger a los jugadores en caso de ca\u00edda a gran velocidad. Pardo ha destacado: \u201cNo se trata solo del campo de f\u00fatbol, sino de un s\u00edmbolo de implicaci\u00f3n con el medio ambiente y con las generaciones futuras. Queremos que Godelleta sea un ejemplo de c\u00f3mo el deporte puede ser motor de innovaci\u00f3n y sostenibilidad\u201d.<br>La reforma del campo de f\u00fatbol municipal, que se encuentra en su fase final, no solo responde a la necesidad de recuperar unas instalaciones da\u00f1adas, sino que marca un hito en la innovaci\u00f3n deportiva y medioambiental. Con este proyecto, Godelleta se adelanta a las futuras restricciones medioambientales y se posiciona como un referente nacional en instalaciones deportivas sostenibles, demostrando que el deporte y el respeto al medio ambiente pueden avanzar hacia un futuro m\u00e1s responsable.<\/p>\n","protected":false},"excerpt":{"rendered":"<div class=\"mh-excerpt\">Un proyecto pionero que nace para reformar una de las instalaciones de Godelleta gravemente afectadas por la DANA. El Ayuntamiento de Godelleta se encuentra en la fase final de las obras de reforma integral del <a class=\"mh-excerpt-more\" href=\"https:\/\/www.tucomarca.com\/wordpress\/segunda\/godelleta-tendra-un-campo-de-futbol-100-ecologico-y-reciclable\/\" title=\"Godelleta tendr\u00e1 un campo de f\u00fatbol 100% ecol\u00f3gico y reciclable\">[+] <\/a><\/div>\n","protected":false},"author":12,"featured_media":288740,"comment_status":"open","ping_status":"open","sticky":false,"template":"","format":"standard","meta":{"footnotes":""},"categories":[50,21465,6,14,128,8,72,10,142,3],"tags":[16572,10383,5952],"class_list":{"0":"post-288731","1":"post","2":"type-post","3":"status-publish","4":"format-standard","5":"has-post-thumbnail","7":"category-futbol-deportes","8":"category-dana","9":"category-deportes","10":"category-godelleta","11":"category-infraestructuras","12":"category-la-comarca","13":"category-sin-categorizar","14":"category-la-hoya","15":"category-politica-la-comarca","16":"category-seccion","17":"tag-campo-de-futbol-municipal","18":"tag-godelleta","19":"tag-la-hoya-de-bunol-chiva"},"_links":{"self":[{"href":"https:\/\/www.tucomarca.com\/wordpress\/segunda\/wp-json\/wp\/v2\/posts\/288731","targetHints":{"allow":["GET"]}}],"collection":[{"href":"https:\/\/www.tucomarca.com\/wordpress\/segunda\/wp-json\/wp\/v2\/posts"}],"about":[{"href":"https:\/\/www.tucomarca.com\/wordpress\/segunda\/wp-json\/wp\/v2\/types\/post"}],"author":[{"embeddable":true,"href":"https:\/\/www.tucomarca.com\/wordpress\/segunda\/wp-json\/wp\/v2\/users\/12"}],"replies":[{"embeddable":true,"href":"https:\/\/www.tucomarca.com\/wordpress\/segunda\/wp-json\/wp\/v2\/comments?post=288731"}],"version-history":[{"count":0,"href":"https:\/\/www.tucomarca.com\/wordpress\/segunda\/wp-json\/wp\/v2\/posts\/288731\/revisions"}],"wp:featuredmedia":[{"embeddable":true,"href":"https:\/\/www.tucomarca.com\/wordpress\/segunda\/wp-json\/wp\/v2\/media\/288740"}],"wp:attachment":[{"href":"https:\/\/www.tucomarca.com\/wordpress\/segunda\/wp-json\/wp\/v2\/media?parent=288731"}],"wp:term":[{"taxonomy":"category","embeddable":true,"href":"https:\/\/www.tucomarca.com\/wordpress\/segunda\/wp-json\/wp\/v2\/categories?post=288731"},{"taxonomy":"post_tag","embeddable":true,"href":"https:\/\/www.tucomarca.com\/wordpress\/segunda\/wp-json\/wp\/v2\/tags?post=288731"}],"curies":[{"name":"wp","href":"https:\/\/api.w.org\/{rel}","templated":true}]}}