{"id":288836,"date":"2025-12-26T20:30:00","date_gmt":"2025-12-26T19:30:00","guid":{"rendered":"https:\/\/www.tucomarca.com\/wordpress\/segunda\/?p=288836"},"modified":"2025-12-26T22:08:53","modified_gmt":"2025-12-26T21:08:53","slug":"la-diputacio-de-valencia-impulsara-la-revitalizacion-de-los-mercados-municipales-a-traves-de-la-formacion-de-potenciales-vendedores","status":"publish","type":"post","link":"https:\/\/www.tucomarca.com\/wordpress\/segunda\/la-diputacio-de-valencia-impulsara-la-revitalizacion-de-los-mercados-municipales-a-traves-de-la-formacion-de-potenciales-vendedores\/","title":{"rendered":"La Diputaci\u00f3 de Val\u00e8ncia impulsar\u00e1 la revitalizaci\u00f3n de los mercados municipales a trav\u00e9s de la formaci\u00f3n de potenciales vendedores"},"content":{"rendered":"\n<h3 class=\"wp-block-heading\">La instituci\u00f3n provincial trabaja en el dise\u00f1o de un proyecto piloto que combinar\u00e1 formaci\u00f3n espec\u00edfica y acompa\u00f1amiento para emprendedores interesados en los mercados municipales.<\/h3>\n\n\n\n<h3 class=\"wp-block-heading\">La vicepresidenta primera Natalia Enguix destaca que \u201ca trav\u00e9s de la formaci\u00f3n queremos facilitar que nuevas personas emprendedoras puedan poner en marcha negocios viables en los mercados municipales y contribuir a su revitalizaci\u00f3n\u201d.<\/h3>\n\n\n\n<p>La Diputaci\u00f3 de Val\u00e8ncia, a trav\u00e9s de la delegaci\u00f3n de Promoci\u00f3n Econ\u00f3mica que dirige la vicepresidenta primera Nat\u00e0lia Enguix, impulsar\u00e1 la revitalizaci\u00f3n de los mercados municipales del interior de la provincia a trav\u00e9s de una acci\u00f3n formativa espec\u00edfica dirigida a personas emprendedoras interesadas en implantar su negocio en este tipo de espacios de comercio de proximidad.<\/p>\n\n\n\n<p>En este contexto, Enguix ha trasladado a los servicios t\u00e9cnicos de la corporaci\u00f3n provincial la necesidad de&nbsp;estudiar y definir un proyecto piloto&nbsp;que permita activar los mercados municipales como polos de dinamizaci\u00f3n econ\u00f3mica y social,&nbsp;especialmente en aquellos municipios del interior donde la ocupaci\u00f3n de los puestos comerciales presenta actualmente niveles especialmente bajos.<\/p>\n\n\n\n<p>Por este motivo, se ha celebrado ya una reuni\u00f3n de trabajo con representantes de C\u00e1mara Valencia y con&nbsp;las personas profesionales que han elaborado un estudio sobre la situaci\u00f3n de los mercados municipales en&nbsp;distintas localidades de la provincia. El an\u00e1lisis realizado pone de manifiesto que una de las principales barreras para la incorporaci\u00f3n de nuevos comerciantes es la falta de formaci\u00f3n espec\u00edfica adaptada a las particularidades de la gesti\u00f3n de un puesto en un mercado municipal.<\/p>\n\n\n\n<p>A partir de este diagn\u00f3stico, la Diputaci\u00f3 de Val\u00e8ncia&nbsp;ha comenzado a trabajar en el dise\u00f1o de&nbsp;una acci\u00f3n formativa te\u00f3rico-pr\u00e1ctica orientada a personas emprendedoras con una idea de negocio que pueda desarrollarse en un mercado municipal. La formaci\u00f3n se plantea con unos contenidos espec\u00edficos sobre emprender un negocio, pero con enfoque sectorial \u2014como carnicer\u00eda, pescader\u00eda, fruter\u00eda, herborister\u00eda, panader\u00eda-pasteler\u00eda u otras actividades habituales en estos espacios\u2014 y se complementar\u00eda con pr\u00e1cticas individuales adaptadas a cada tipo de negocio.<\/p>\n\n\n\n<p>El planteamiento prev\u00e9, adem\u00e1s, la implicaci\u00f3n de los ayuntamientos y de las agencias de desarrollo local (ADL), tanto para la difusi\u00f3n de la iniciativa como para la captaci\u00f3n de personas potencialmente interesadas en participar. Seg\u00fan ha se\u00f1alado Nat\u00e0lia Enguix, \u201clos mercados municipales son espacios estrat\u00e9gicos para la econom\u00eda local y la cohesi\u00f3n social de nuestros municipios. A trav\u00e9s de la formaci\u00f3n queremos facilitar que nuevos emprendedores puedan ver en los mercados una oportunidad real de negocio, con menores barreras de entrada y con un impacto directo en la vida econ\u00f3mica y social de los pueblos\u201d.<\/p>\n\n\n\n<p>Los mercados municipales constituyen una alternativa de emprendimiento especialmente accesible, ya que requieren una inversi\u00f3n inicial reducida y cuentan con tasas p\u00fablicas asumibles. Adem\u00e1s de su funci\u00f3n comercial, act\u00faan como espacios de encuentro vecinal y de promoci\u00f3n de los productos de proximidad, contribuyendo al mantenimiento del comercio tradicional y al apoyo del sector primario.<\/p>\n\n\n\n<p>Esta experiencia piloto se enmarca en la estrategia de la Diputaci\u00f3 de Val\u00e8ncia&nbsp;para reforzar el comercio de proximidad, apoyar el emprendimiento en el interior de la provincia y dinamizar espacios con un alto potencial de impacto socioecon\u00f3mico. En esta misma l\u00ednea se sit\u00faan otras actuaciones impulsadas desde la delegaci\u00f3n de Promoci\u00f3n Econ\u00f3mica, como la campa\u00f1a de bonos comercio Dana, que ha supuesto una inyecci\u00f3n de 10 millones de euros en los comercios locales adheridos, incluidos los ubicados en mercados municipales&nbsp;o las acciones formativas dirigidas a personal directivo a trav\u00e9s del programa Formworking.<\/p>\n","protected":false},"excerpt":{"rendered":"<div class=\"mh-excerpt\">La instituci\u00f3n provincial trabaja en el dise\u00f1o de un proyecto piloto que combinar\u00e1 formaci\u00f3n espec\u00edfica y acompa\u00f1amiento para emprendedores interesados en los mercados municipales. La vicepresidenta primera Natalia Enguix destaca que \u201ca trav\u00e9s de la <a class=\"mh-excerpt-more\" href=\"https:\/\/www.tucomarca.com\/wordpress\/segunda\/la-diputacio-de-valencia-impulsara-la-revitalizacion-de-los-mercados-municipales-a-traves-de-la-formacion-de-potenciales-vendedores\/\" title=\"La Diputaci\u00f3 de Val\u00e8ncia impulsar\u00e1 la revitalizaci\u00f3n de los mercados municipales a trav\u00e9s de la formaci\u00f3n de potenciales vendedores\">[+] <\/a><\/div>\n","protected":false},"author":12,"featured_media":288839,"comment_status":"open","ping_status":"open","sticky":false,"template":"","format":"standard","meta":{"footnotes":""},"categories":[128,8,72,142,3,45],"tags":[3677,23608],"class_list":{"0":"post-288836","1":"post","2":"type-post","3":"status-publish","4":"format-standard","5":"has-post-thumbnail","7":"category-infraestructuras","8":"category-la-comarca","9":"category-sin-categorizar","10":"category-politica-la-comarca","11":"category-seccion","12":"category-ventana","13":"tag-diputacio-de-valencia","14":"tag-mercados-municipales"},"_links":{"self":[{"href":"https:\/\/www.tucomarca.com\/wordpress\/segunda\/wp-json\/wp\/v2\/posts\/288836","targetHints":{"allow":["GET"]}}],"collection":[{"href":"https:\/\/www.tucomarca.com\/wordpress\/segunda\/wp-json\/wp\/v2\/posts"}],"about":[{"href":"https:\/\/www.tucomarca.com\/wordpress\/segunda\/wp-json\/wp\/v2\/types\/post"}],"author":[{"embeddable":true,"href":"https:\/\/www.tucomarca.com\/wordpress\/segunda\/wp-json\/wp\/v2\/users\/12"}],"replies":[{"embeddable":true,"href":"https:\/\/www.tucomarca.com\/wordpress\/segunda\/wp-json\/wp\/v2\/comments?post=288836"}],"version-history":[{"count":0,"href":"https:\/\/www.tucomarca.com\/wordpress\/segunda\/wp-json\/wp\/v2\/posts\/288836\/revisions"}],"wp:featuredmedia":[{"embeddable":true,"href":"https:\/\/www.tucomarca.com\/wordpress\/segunda\/wp-json\/wp\/v2\/media\/288839"}],"wp:attachment":[{"href":"https:\/\/www.tucomarca.com\/wordpress\/segunda\/wp-json\/wp\/v2\/media?parent=288836"}],"wp:term":[{"taxonomy":"category","embeddable":true,"href":"https:\/\/www.tucomarca.com\/wordpress\/segunda\/wp-json\/wp\/v2\/categories?post=288836"},{"taxonomy":"post_tag","embeddable":true,"href":"https:\/\/www.tucomarca.com\/wordpress\/segunda\/wp-json\/wp\/v2\/tags?post=288836"}],"curies":[{"name":"wp","href":"https:\/\/api.w.org\/{rel}","templated":true}]}}