{"id":288873,"date":"2025-12-28T12:00:00","date_gmt":"2025-12-28T11:00:00","guid":{"rendered":"https:\/\/www.tucomarca.com\/wordpress\/segunda\/?p=288873"},"modified":"2025-12-28T12:50:28","modified_gmt":"2025-12-28T11:50:28","slug":"emergencias-amplia-a-toda-la-provincia-de-valencia-el-aviso-naranja-por-lluvias-muy-fuertes-y-tormentas-con-granizo","status":"publish","type":"post","link":"https:\/\/www.tucomarca.com\/wordpress\/segunda\/emergencias-amplia-a-toda-la-provincia-de-valencia-el-aviso-naranja-por-lluvias-muy-fuertes-y-tormentas-con-granizo\/","title":{"rendered":"Emergencias ampl\u00eda a toda la provincia de Valencia el aviso naranja por lluvias muy fuertes y tormentas con granizo"},"content":{"rendered":"\n<p>El Centro de Coordinaci\u00f3n de Emergencias ha actualizado sus alertas por fen\u00f3menos meteorol\u00f3gicos este domingo por la ma\u00f1ana y ha establecido para hoy la alerta por lluvias de nivel naranja en toda la provincia de Valencia; as\u00ed como alerta por tormentas nivel amarillo en toda la provincia de Valencia<\/p>\n\n\n\n<p>Adem\u00e1s se ha establecido la alerta por lluvias nivel amarillo en el litoral norte e interior sur de Castell\u00f3n y litoral sur de Alicante.<\/p>\n\n\n\n<p>El Centro de Coordinaci\u00f3n de Emergencias tambi\u00e9n ha emitido un aviso especial de alerta hidrol\u00f3gica por aumento del caudal en el r\u00edo Segura. Los municipios deben mantener la observancia de la evoluci\u00f3n y adoptar las medidas pertinentes para evitar el acceso a las riberas. Se mantiene seguimiento del caudal para informar de cualquier riesgo que se pueda producir.<\/p>\n","protected":false},"excerpt":{"rendered":"<div class=\"mh-excerpt\">El Centro de Coordinaci\u00f3n de Emergencias ha actualizado sus alertas por fen\u00f3menos meteorol\u00f3gicos este domingo por la ma\u00f1ana y ha establecido para hoy la alerta por lluvias de nivel naranja en toda la provincia de <a class=\"mh-excerpt-more\" href=\"https:\/\/www.tucomarca.com\/wordpress\/segunda\/emergencias-amplia-a-toda-la-provincia-de-valencia-el-aviso-naranja-por-lluvias-muy-fuertes-y-tormentas-con-granizo\/\" title=\"Emergencias ampl\u00eda a toda la provincia de Valencia el aviso naranja por lluvias muy fuertes y tormentas con granizo\">[+] <\/a><\/div>\n","protected":false},"author":1,"featured_media":288877,"comment_status":"open","ping_status":"open","sticky":false,"template":"","format":"standard","meta":{"footnotes":""},"categories":[38,46,128,70,8,72,10,42,59,117,142,27,3,116,45],"tags":[10395,5952,3640,10387],"class_list":{"0":"post-288873","1":"post","2":"type-post","3":"status-publish","4":"format-standard","5":"has-post-thumbnail","7":"category-ayora-cofrentes","8":"category-camp-de-turia","9":"category-infraestructuras","10":"category-la-canal-de-navarres","11":"category-la-comarca","12":"category-sin-categorizar","13":"category-la-hoya","14":"category-la-ribera","15":"category-los-serranos","16":"category-medio-ambiente-la-comarca","17":"category-politica-la-comarca","18":"category-requena-utiel","19":"category-seccion","20":"category-sucesos-la-comarca","21":"category-ventana","22":"tag-camp-de-turia","23":"tag-la-hoya-de-bunol-chiva","24":"tag-la-ribera-alta","25":"tag-requena-utiel"},"_links":{"self":[{"href":"https:\/\/www.tucomarca.com\/wordpress\/segunda\/wp-json\/wp\/v2\/posts\/288873","targetHints":{"allow":["GET"]}}],"collection":[{"href":"https:\/\/www.tucomarca.com\/wordpress\/segunda\/wp-json\/wp\/v2\/posts"}],"about":[{"href":"https:\/\/www.tucomarca.com\/wordpress\/segunda\/wp-json\/wp\/v2\/types\/post"}],"author":[{"embeddable":true,"href":"https:\/\/www.tucomarca.com\/wordpress\/segunda\/wp-json\/wp\/v2\/users\/1"}],"replies":[{"embeddable":true,"href":"https:\/\/www.tucomarca.com\/wordpress\/segunda\/wp-json\/wp\/v2\/comments?post=288873"}],"version-history":[{"count":0,"href":"https:\/\/www.tucomarca.com\/wordpress\/segunda\/wp-json\/wp\/v2\/posts\/288873\/revisions"}],"wp:featuredmedia":[{"embeddable":true,"href":"https:\/\/www.tucomarca.com\/wordpress\/segunda\/wp-json\/wp\/v2\/media\/288877"}],"wp:attachment":[{"href":"https:\/\/www.tucomarca.com\/wordpress\/segunda\/wp-json\/wp\/v2\/media?parent=288873"}],"wp:term":[{"taxonomy":"category","embeddable":true,"href":"https:\/\/www.tucomarca.com\/wordpress\/segunda\/wp-json\/wp\/v2\/categories?post=288873"},{"taxonomy":"post_tag","embeddable":true,"href":"https:\/\/www.tucomarca.com\/wordpress\/segunda\/wp-json\/wp\/v2\/tags?post=288873"}],"curies":[{"name":"wp","href":"https:\/\/api.w.org\/{rel}","templated":true}]}}