{"id":288900,"date":"2025-12-28T10:45:00","date_gmt":"2025-12-28T09:45:00","guid":{"rendered":"https:\/\/www.tucomarca.com\/wordpress\/segunda\/?p=288900"},"modified":"2025-12-28T14:02:30","modified_gmt":"2025-12-28T13:02:30","slug":"el-circuito-ricardo-tormo-bate-su-record-de-actividad-anual-y-supera-los-313-000-aficionados-en-2025","status":"publish","type":"post","link":"https:\/\/www.tucomarca.com\/wordpress\/segunda\/el-circuito-ricardo-tormo-bate-su-record-de-actividad-anual-y-supera-los-313-000-aficionados-en-2025\/","title":{"rendered":"El Circuito Ricardo Tormo de Cheste bate su r\u00e9cord de actividad anual y supera los 313.000 aficionados en 2025"},"content":{"rendered":"\n<h3 class=\"wp-block-heading\">El Circuit ha realizado alg\u00fan tipo de actividad durante el 90,1 % de los d\u00edas del a\u00f1o<br>Un total de 313.819 espectadores han pasado por el Circuit en los veinte fines de semana de eventos.<\/h3>\n\n\n\n<p>El Circuit Ricardo Tormo cierra la temporada 2025 en la que ha tenido que reconstruir buena parte de sus accesos y zonas de aparcamiento para retomar la normalidad tras las consecuencias de las inundaciones de 2024.<\/p>\n\n\n\n<p>En esta temporada, que culmin\u00f3 en noviembre con el Gran Premio de la Comunitat Valenciana, el trazado de Cheste ha mejorado su r\u00e9cord hist\u00f3rico de de actividad que estaba fijado en 2018. Siete a\u00f1os despu\u00e9s, los d\u00edas de acci\u00f3n en la pista han llegado a 329 lo que supone un 90,1 % de los d\u00edas del a\u00f1o.<\/p>\n\n\n\n<p>De todos ellos m\u00e1s de la mitad, un 52 % ha estado dedicado a entrenamientos, presentaciones y actividades relacionados con el autom\u00f3vil y el resto han sido sobre dos ruedas.<\/p>\n\n\n\n<p><strong>M\u00e1s p\u00fablico<\/strong><\/p>\n\n\n\n<p>Asimismo, la cifra de afluencia de p\u00fablico tambi\u00e9n ha crecido en la temporada 2025. Un total de 313.819 espectadores han pasado por las gradas del Circuit en alguno de los 20 fines de semana de eventos de todo tipo que se han celebrado en Cheste.<\/p>\n\n\n\n<p>El encuentro m\u00e1s multitudinario ha sido el Gran Premio Motul de la Comunitat Valenciana. La prueba final de MotoGP congreg\u00f3 a m\u00e1s de 205.000 aficionados para decidir las clasificaciones de Moto3, Moto2 y MotoGP.<\/p>\n\n\n\n<p>El NAPA Racing Weekend, el GT World Challenge y el Valencia NASCAR Fest han sido los siguientes acontecimientos con m\u00e1s visitantes en la lista de la temporada, que se vio restringida a principio del a\u00f1o con tres eventos de aforo limitado, con motivo de las obras en los accesos tras las inundaciones.<\/p>\n\n\n\n<p>\u201cHa sido un a\u00f1o dif\u00edcil para todo el equipo\u201d, ha se\u00f1alado Nicol\u00e1s Collado, director general del Circuit Ricardo Tormo; \u201cadem\u00e1s de la organizaci\u00f3n de las carreras y las actividades hemos tenido que coordinar y supervisar las obras correspondientes a tres de los cuatro accesos del Circuit y los trabajos que a\u00fan se est\u00e1n llevando a cabo en las zonas de aparcamiento\u201d.<\/p>\n\n\n\n<p>El director general del Circuit ha agradecido \u201cel compromiso de todos nuestros clientes, que desde principio de a\u00f1o han mantenido su fidelidad al Circuit aunque los accesos a las instalaciones no estaban en sus mejores circunstancias a principios de a\u00f1o y ninguno de ellos cancel\u00f3 su actividad\u201d.<\/p>\n","protected":false},"excerpt":{"rendered":"<div class=\"mh-excerpt\">El Circuit ha realizado alg\u00fan tipo de actividad durante el 90,1 % de los d\u00edas del a\u00f1oUn total de 313.819 espectadores han pasado por el Circuit en los veinte fines de semana de eventos. El <a class=\"mh-excerpt-more\" href=\"https:\/\/www.tucomarca.com\/wordpress\/segunda\/el-circuito-ricardo-tormo-bate-su-record-de-actividad-anual-y-supera-los-313-000-aficionados-en-2025\/\" title=\"El Circuito Ricardo Tormo de Cheste bate su r\u00e9cord de actividad anual y supera los 313.000 aficionados en 2025\">[+] <\/a><\/div>\n","protected":false},"author":12,"featured_media":288912,"comment_status":"open","ping_status":"open","sticky":false,"template":"","format":"standard","meta":{"footnotes":""},"categories":[83,17,6,8,10,91,3,45],"tags":[339,5984,5952],"class_list":{"0":"post-288900","1":"post","2":"type-post","3":"status-publish","4":"format-standard","5":"has-post-thumbnail","7":"category-automovilismo","8":"category-cheste","9":"category-deportes","10":"category-la-comarca","11":"category-la-hoya","12":"category-motociclismo","13":"category-seccion","14":"category-ventana","15":"tag-cheste-2","16":"tag-circuito-ricardo-tormo","17":"tag-la-hoya-de-bunol-chiva"},"_links":{"self":[{"href":"https:\/\/www.tucomarca.com\/wordpress\/segunda\/wp-json\/wp\/v2\/posts\/288900","targetHints":{"allow":["GET"]}}],"collection":[{"href":"https:\/\/www.tucomarca.com\/wordpress\/segunda\/wp-json\/wp\/v2\/posts"}],"about":[{"href":"https:\/\/www.tucomarca.com\/wordpress\/segunda\/wp-json\/wp\/v2\/types\/post"}],"author":[{"embeddable":true,"href":"https:\/\/www.tucomarca.com\/wordpress\/segunda\/wp-json\/wp\/v2\/users\/12"}],"replies":[{"embeddable":true,"href":"https:\/\/www.tucomarca.com\/wordpress\/segunda\/wp-json\/wp\/v2\/comments?post=288900"}],"version-history":[{"count":0,"href":"https:\/\/www.tucomarca.com\/wordpress\/segunda\/wp-json\/wp\/v2\/posts\/288900\/revisions"}],"wp:featuredmedia":[{"embeddable":true,"href":"https:\/\/www.tucomarca.com\/wordpress\/segunda\/wp-json\/wp\/v2\/media\/288912"}],"wp:attachment":[{"href":"https:\/\/www.tucomarca.com\/wordpress\/segunda\/wp-json\/wp\/v2\/media?parent=288900"}],"wp:term":[{"taxonomy":"category","embeddable":true,"href":"https:\/\/www.tucomarca.com\/wordpress\/segunda\/wp-json\/wp\/v2\/categories?post=288900"},{"taxonomy":"post_tag","embeddable":true,"href":"https:\/\/www.tucomarca.com\/wordpress\/segunda\/wp-json\/wp\/v2\/tags?post=288900"}],"curies":[{"name":"wp","href":"https:\/\/api.w.org\/{rel}","templated":true}]}}