{"id":288941,"date":"2025-12-29T10:00:00","date_gmt":"2025-12-29T09:00:00","guid":{"rendered":"https:\/\/www.tucomarca.com\/wordpress\/segunda\/?p=288941"},"modified":"2025-12-29T15:50:34","modified_gmt":"2025-12-29T14:50:34","slug":"la-comunidad-valenciana-sigue-hoy-29-de-diciembre-en-alerta-amarilla-por-fenomenos-meteorologicos-adversos","status":"publish","type":"post","link":"https:\/\/www.tucomarca.com\/wordpress\/segunda\/la-comunidad-valenciana-sigue-hoy-29-de-diciembre-en-alerta-amarilla-por-fenomenos-meteorologicos-adversos\/","title":{"rendered":"La Comunidad Valenciana sigue hoy, 29 de diciembre, en alerta amarilla por fen\u00f3menos meteorol\u00f3gicos adversos"},"content":{"rendered":"\n<p>La <strong>Comunidad Valenciana<\/strong> se mantiene este <strong>lunes 29 de diciembre<\/strong> en <strong>alerta amarilla<\/strong> por lluvias, tormentas y fen\u00f3menos asociados aunque la situaci\u00f3n general de temporal est\u00e1 evolucionando y la zona no se encuentra actualmente bajo aviso de nivel m\u00e1s grave. Los avisos se han decretado en varias \u00e1reas de la regi\u00f3n, con especial atenci\u00f3n en las provincias de <strong>Valencia, Castell\u00f3n y Alicante<\/strong>, donde todav\u00eda se esperan precipitaciones que pueden ser <strong>localmente fuertes y acompa\u00f1adas de tormenta<\/strong> durante la jornada.<\/p>\n\n\n\n<p>El <strong>Centro de Coordinaci\u00f3n de Emergencias de la Generalitat Valenciana<\/strong> y la <strong>Agencia Estatal de Meteorolog\u00eda (AEMET)<\/strong> han reforzado las recomendaciones a la poblaci\u00f3n para que <strong>extremen las precauciones<\/strong>, especialmente en desplazamientos y actividades al aire libre, debido a la persistencia de chubascos y la posibilidad de granizo en zonas del litoral y del interior.<\/p>\n\n\n\n<p>Los avisos amarillos se concentran en <strong>gran parte de la provincia de Valencia, <\/strong>con acumulados de lluvia que podr\u00edan alcanzar <strong>20 mm en una hora y hasta 60 mm en 12 horas<\/strong>, seg\u00fan las predicciones m\u00e1s recientes. Algunos de estos episodios lluviosos se prev\u00e9n acompa\u00f1ados de tormentas, lo que incrementa el riesgo de intensidad variable a lo largo del d\u00eda.<\/p>\n\n\n\n<p><strong>Fin de la alerta en el interior<\/strong><\/p>\n\n\n\n<p><strong>Finaliza la alerta por tormentas nivel amarillo en el interior de Valencia<\/strong>. Aunque la tendencia meteorol\u00f3gica apunta a una transici\u00f3n gradual hacia condiciones m\u00e1s estables en las pr\u00f3ximas horas, las autoridades meteorol\u00f3gicas insisten en la necesidad de <strong>seguir atentos a la evoluci\u00f3n del tiempo y consultar los canales oficiales de informaci\u00f3n<\/strong>, dado que las condiciones pueden cambiar durante la tarde y la noche.<\/p>\n","protected":false},"excerpt":{"rendered":"<div class=\"mh-excerpt\">La Comunidad Valenciana se mantiene este lunes 29 de diciembre en alerta amarilla por lluvias, tormentas y fen\u00f3menos asociados aunque la situaci\u00f3n general de temporal est\u00e1 evolucionando y la zona no se encuentra actualmente bajo <a class=\"mh-excerpt-more\" href=\"https:\/\/www.tucomarca.com\/wordpress\/segunda\/la-comunidad-valenciana-sigue-hoy-29-de-diciembre-en-alerta-amarilla-por-fenomenos-meteorologicos-adversos\/\" title=\"La Comunidad Valenciana sigue hoy, 29 de diciembre, en alerta amarilla por fen\u00f3menos meteorol\u00f3gicos adversos\">[+] <\/a><\/div>\n","protected":false},"author":12,"featured_media":288944,"comment_status":"open","ping_status":"open","sticky":false,"template":"","format":"standard","meta":{"footnotes":""},"categories":[38,46,70,8,72,10,42,59,27,3,45],"tags":[11450,11744,2001],"class_list":{"0":"post-288941","1":"post","2":"type-post","3":"status-publish","4":"format-standard","5":"has-post-thumbnail","7":"category-ayora-cofrentes","8":"category-camp-de-turia","9":"category-la-canal-de-navarres","10":"category-la-comarca","11":"category-sin-categorizar","12":"category-la-hoya","13":"category-la-ribera","14":"category-los-serranos","15":"category-requena-utiel","16":"category-seccion","17":"category-ventana","18":"tag-agencia-estatal-de-meteorologia-aemet-2","19":"tag-alerta-amarilla","20":"tag-comunidad-valenciana-2"},"_links":{"self":[{"href":"https:\/\/www.tucomarca.com\/wordpress\/segunda\/wp-json\/wp\/v2\/posts\/288941","targetHints":{"allow":["GET"]}}],"collection":[{"href":"https:\/\/www.tucomarca.com\/wordpress\/segunda\/wp-json\/wp\/v2\/posts"}],"about":[{"href":"https:\/\/www.tucomarca.com\/wordpress\/segunda\/wp-json\/wp\/v2\/types\/post"}],"author":[{"embeddable":true,"href":"https:\/\/www.tucomarca.com\/wordpress\/segunda\/wp-json\/wp\/v2\/users\/12"}],"replies":[{"embeddable":true,"href":"https:\/\/www.tucomarca.com\/wordpress\/segunda\/wp-json\/wp\/v2\/comments?post=288941"}],"version-history":[{"count":0,"href":"https:\/\/www.tucomarca.com\/wordpress\/segunda\/wp-json\/wp\/v2\/posts\/288941\/revisions"}],"wp:featuredmedia":[{"embeddable":true,"href":"https:\/\/www.tucomarca.com\/wordpress\/segunda\/wp-json\/wp\/v2\/media\/288944"}],"wp:attachment":[{"href":"https:\/\/www.tucomarca.com\/wordpress\/segunda\/wp-json\/wp\/v2\/media?parent=288941"}],"wp:term":[{"taxonomy":"category","embeddable":true,"href":"https:\/\/www.tucomarca.com\/wordpress\/segunda\/wp-json\/wp\/v2\/categories?post=288941"},{"taxonomy":"post_tag","embeddable":true,"href":"https:\/\/www.tucomarca.com\/wordpress\/segunda\/wp-json\/wp\/v2\/tags?post=288941"}],"curies":[{"name":"wp","href":"https:\/\/api.w.org\/{rel}","templated":true}]}}