{"id":288993,"date":"2025-12-29T12:30:00","date_gmt":"2025-12-29T11:30:00","guid":{"rendered":"https:\/\/www.tucomarca.com\/wordpress\/segunda\/?p=288993"},"modified":"2025-12-29T20:51:36","modified_gmt":"2025-12-29T19:51:36","slug":"la-diputacio-de-valencia-restablece-la-circulacion-en-las-carreteras-de-la-provincia-tras-las-lluvias-del-domingo","status":"publish","type":"post","link":"https:\/\/www.tucomarca.com\/wordpress\/segunda\/la-diputacio-de-valencia-restablece-la-circulacion-en-las-carreteras-de-la-provincia-tras-las-lluvias-del-domingo\/","title":{"rendered":"La Diputaci\u00f3 de Val\u00e8ncia restablece la circulaci\u00f3n en las carreteras de la provincia tras las lluvias del domingo"},"content":{"rendered":"\n<h3 class=\"wp-block-heading\">De las 14 carreteras que se vieron afectadas por cortes a causa de desprendimientos y agua acumulada, 13 ya est\u00e1n en servicio tras los trabajos de acondicionamiento de los operarios de la Diputaci\u00f3.<\/h3>\n\n\n\n<h3 class=\"wp-block-heading\">La diputada de Carreteras, Reme Mazzolari, explica que \u00abse espera que entre hoy y ma\u00f1ana se pueda abrir tambi\u00e9n la CV-543, ya que el drenaje natural de la carretera avanza a buen ritmo, y eso permitir\u00e1 la intervenci\u00f3n de los t\u00e9cnicos para asegurar una reapertura en condiciones de total seguridad\u00bb.<\/h3>\n\n\n\n<p>La Diputaci\u00f3 de Val\u00e8ncia ha restablecido la circulaci\u00f3n en pr\u00e1cticamente la totalidad de la red provincial de carreteras afectada por las intensas lluvias registradas en las \u00faltimas horas en la provincia, especialmente en la comarca de la Ribera. A mediod\u00eda de hoy lunes, todas las v\u00edas se encuentran abiertas al tr\u00e1fico con normalidad o con precauci\u00f3n, a excepci\u00f3n de la CV-543, que permanece cortada por acumulaci\u00f3n de agua sobre la calzada.<\/p>\n\n\n\n<p>La diputada de Carreteras y vicepresidenta segunda de la instituci\u00f3n provincial, Reme Mazzolari, se\u00f1ala que \u00abdesde el inicio del episodio de precipitaciones, se activaron los protocolos de vigilancia, se\u00f1alizaci\u00f3n y actuaci\u00f3n para garantizar la seguridad vial y recuperar la normalidad en el menor plazo posible\u00bb y subraya que \u00abla r\u00e1pida intervenci\u00f3n de los equipos de conservaci\u00f3n ha permitido reabrir en pocas horas carreteras que presentaban incidencias por desprendimientos, arrastres o balsas de agua\u00bb.<\/p>\n\n\n\n<p>En todos los casos, la actuaci\u00f3n sigue un mismo protocolo: se\u00f1alizaci\u00f3n inmediata de los tramos afectados para evitar accidentes y da\u00f1os a las personas, limpieza de arrastres y sedimentos, y recuperaci\u00f3n progresiva de la circulaci\u00f3n cuando las condiciones de seguridad lo permiten.<\/p>\n\n\n\n<p>En relaci\u00f3n con la \u00fanica carretera pendiente de reapertura, la CV-543, Mazzolari ha se\u00f1alado que \u201ces necesario esperar a que finalice el drenaje natural del agua antes de intervenir y asegurar una reapertura en condiciones de total seguridad\u201d, y ha indicado que \u201csi la evoluci\u00f3n contin\u00faa siendo favorable, se espera poder actuar en las pr\u00f3ximas horas para proceder a su acondicionamiento\u201d. La diputada explica que esta situaci\u00f3n responde a una problem\u00e1tica habitual en la zona de la Ribera, donde la limitada capacidad de drenaje del terreno y de algunos cauces provoca la inundaci\u00f3n temporal de determinados tramos de carretera durante episodios de lluvias intensas. En estos casos, los t\u00e9cnicos deben esperar a que descienda el nivel del agua antes de poder actuar con seguridad y proceder a la limpieza de los arrastres y sedimentos acumulados sobre la calzada.<\/p>\n\n\n\n<figure class=\"wp-block-image size-large\"><img loading=\"lazy\" decoding=\"async\" width=\"1024\" height=\"699\" src=\"https:\/\/www.tucomarca.com\/wordpress\/segunda\/wp-content\/uploads\/2025\/12\/CV571-1024x699.jpg\" alt=\"\" class=\"wp-image-288996\" srcset=\"https:\/\/www.tucomarca.com\/wordpress\/segunda\/wp-content\/uploads\/2025\/12\/CV571-1024x699.jpg 1024w, https:\/\/www.tucomarca.com\/wordpress\/segunda\/wp-content\/uploads\/2025\/12\/CV571-300x205.jpg 300w, https:\/\/www.tucomarca.com\/wordpress\/segunda\/wp-content\/uploads\/2025\/12\/CV571-768x524.jpg 768w, https:\/\/www.tucomarca.com\/wordpress\/segunda\/wp-content\/uploads\/2025\/12\/CV571.jpg 1181w\" sizes=\"auto, (max-width: 1024px) 100vw, 1024px\" \/><\/figure>\n\n\n\n<p>Entre las actuaciones m\u00e1s relevantes desarrolladas durante el episodio destaca la retirada de un desprendimiento en la CV-428, en el acceso a Cortes de Pall\u00e1s desde la CV-425. Se trata de una zona de orograf\u00eda abrupta, con taludes de tierra y roca de gran altura y pendiente, donde este tipo de incidencias son frecuentes tras episodios de lluvias intensas. Para resolver la situaci\u00f3n ha sido necesaria la intervenci\u00f3n de maquinaria pesada de movimiento de tierras, como excavadoras y camiones, as\u00ed como la participaci\u00f3n de operarios encargados de la se\u00f1alizaci\u00f3n de los trabajos y de la limpieza final de los restos de menor tama\u00f1o.<\/p>\n\n\n\n<p>La Diputaci\u00f3n de Val\u00e8ncia mantiene activo el seguimiento del estado de la red provincial de carreteras a trav\u00e9s de los servicios t\u00e9cnicos de conservaci\u00f3n, que contin\u00faan evaluando la evoluci\u00f3n de las incidencias y actuando de forma coordinada en aquellos tramos donde persisten afecciones derivadas del episodio de lluvias, con el objetivo de garantizar en todo momento las condiciones de seguridad para la circulaci\u00f3n.<\/p>\n","protected":false},"excerpt":{"rendered":"<div class=\"mh-excerpt\">De las 14 carreteras que se vieron afectadas por cortes a causa de desprendimientos y agua acumulada, 13 ya est\u00e1n en servicio tras los trabajos de acondicionamiento de los operarios de la Diputaci\u00f3. La diputada <a class=\"mh-excerpt-more\" href=\"https:\/\/www.tucomarca.com\/wordpress\/segunda\/la-diputacio-de-valencia-restablece-la-circulacion-en-las-carreteras-de-la-provincia-tras-las-lluvias-del-domingo\/\" title=\"La Diputaci\u00f3 de Val\u00e8ncia restablece la circulaci\u00f3n en las carreteras de la provincia tras las lluvias del domingo\">[+] <\/a><\/div>\n","protected":false},"author":12,"featured_media":288998,"comment_status":"open","ping_status":"open","sticky":false,"template":"","format":"standard","meta":{"footnotes":""},"categories":[38,40,128,8,42,117,142,3,116,45],"tags":[10540,10392,23624,23623,3677,1407],"class_list":{"0":"post-288993","1":"post","2":"type-post","3":"status-publish","4":"format-standard","5":"has-post-thumbnail","7":"category-ayora-cofrentes","8":"category-cortes-de-pallas","9":"category-infraestructuras","10":"category-la-comarca","11":"category-la-ribera","12":"category-medio-ambiente-la-comarca","13":"category-politica-la-comarca","14":"category-seccion","15":"category-sucesos-la-comarca","16":"category-ventana","17":"tag-ayora-cofrentes","18":"tag-cortes-de-pallas","19":"tag-cv-428","20":"tag-cv-543","21":"tag-diputacio-de-valencia","22":"tag-ribera-alta"},"_links":{"self":[{"href":"https:\/\/www.tucomarca.com\/wordpress\/segunda\/wp-json\/wp\/v2\/posts\/288993","targetHints":{"allow":["GET"]}}],"collection":[{"href":"https:\/\/www.tucomarca.com\/wordpress\/segunda\/wp-json\/wp\/v2\/posts"}],"about":[{"href":"https:\/\/www.tucomarca.com\/wordpress\/segunda\/wp-json\/wp\/v2\/types\/post"}],"author":[{"embeddable":true,"href":"https:\/\/www.tucomarca.com\/wordpress\/segunda\/wp-json\/wp\/v2\/users\/12"}],"replies":[{"embeddable":true,"href":"https:\/\/www.tucomarca.com\/wordpress\/segunda\/wp-json\/wp\/v2\/comments?post=288993"}],"version-history":[{"count":0,"href":"https:\/\/www.tucomarca.com\/wordpress\/segunda\/wp-json\/wp\/v2\/posts\/288993\/revisions"}],"wp:featuredmedia":[{"embeddable":true,"href":"https:\/\/www.tucomarca.com\/wordpress\/segunda\/wp-json\/wp\/v2\/media\/288998"}],"wp:attachment":[{"href":"https:\/\/www.tucomarca.com\/wordpress\/segunda\/wp-json\/wp\/v2\/media?parent=288993"}],"wp:term":[{"taxonomy":"category","embeddable":true,"href":"https:\/\/www.tucomarca.com\/wordpress\/segunda\/wp-json\/wp\/v2\/categories?post=288993"},{"taxonomy":"post_tag","embeddable":true,"href":"https:\/\/www.tucomarca.com\/wordpress\/segunda\/wp-json\/wp\/v2\/tags?post=288993"}],"curies":[{"name":"wp","href":"https:\/\/api.w.org\/{rel}","templated":true}]}}